{"id":13501,"date":"2025-07-28T11:31:12","date_gmt":"2025-07-28T14:31:12","guid":{"rendered":"https:\/\/cidadecult.com.br\/?p=13501"},"modified":"2025-07-28T11:31:15","modified_gmt":"2025-07-28T14:31:15","slug":"mulheres-negras-protagonizam-projetos-culturais-no-df-com-apoio-da-lei-paulo-gustavo","status":"publish","type":"post","link":"https:\/\/cidadecult.com.br\/?p=13501","title":{"rendered":"Mulheres negras protagonizam projetos culturais no DF com apoio da Lei Paulo Gustavo"},"content":{"rendered":"\n<p><em>Foto\/divulga\u00e7\u00e3o<\/em><\/p>\n\n\n\n<p><strong>Iniciativas reafirmam a for\u00e7a criativa e ancestral de artistas e lideran\u00e7as negras no cen\u00e1rio cultural brasiliense<\/strong><\/p>\n\n\n\n<p>A <strong>pot\u00eancia das mulheres negras <\/strong>do<strong> Distrito Federal<\/strong> ganha ainda mais <strong>visibilidade<\/strong> com o <strong>apoio<\/strong> da<strong> Lei Paulo Gustavo (LPG).<\/strong> No m\u00eas em que se celebra o <strong>Dia Internacional da Mulher Negra Latino-Americana e Caribenha,<\/strong> a legisla\u00e7\u00e3o reafirma seu papel de democratiza\u00e7\u00e3o da cultura: s\u00e3o mais de R$ 10,6 milh\u00f5es investidos em 44 projetos contemplados por cotas destinadas a pessoas negras, muitas delas comandadas por mulheres que transformam territ\u00f3rios e constroem mem\u00f3ria.<\/p>\n\n\n\n<p>Um dos destaques \u00e9 o projeto <strong>&#8220;Tran\u00e7as no mapa: modos de saber e fazer de trancistas negras do DF e entorno&#8221;<\/strong>, que, em sua segunda edi\u00e7\u00e3o, prop\u00f5e a elabora\u00e7\u00e3o de uma cartografia <strong>sociocultural <\/strong>das trancistas da regi\u00e3o. A proposta valoriza o of\u00edcio de tran\u00e7ar como patrim\u00f4nio vivo, reunindo mem\u00f3rias e saberes por meio de a\u00e7\u00f5es de educa\u00e7\u00e3o patrimonial. Segundo a proponente Layla Maryzandra, a LPG foi essencial para ampliar o alcance da iniciativa:<\/p>\n\n\n\n<blockquote class=\"wp-block-quote is-layout-flow wp-block-quote-is-layout-flow\">\n<p>&#8220;Essa nova fase representa a possibilidade de fortalecer a valoriza\u00e7\u00e3o das mulheres negras e aprofundar as reflex\u00f5es sobre patrim\u00f4nio cultural e territ\u00f3rios&#8221;, afirma.<\/p>\n<\/blockquote>\n\n\n\n<p>Na cena teatral, o grupo <strong>Embara\u00e7a<\/strong> comemora 10 anos de trajet\u00f3ria com a cria\u00e7\u00e3o de um novo espet\u00e1culo e a realiza\u00e7\u00e3o do semin\u00e1rio &#8220;Dramaturgia e Teatro Negro&#8221;, com apresenta\u00e7\u00f5es e debates em diferentes regi\u00f5es do DF. A proponente Tuanny Pereira de Ara\u00fajo destaca que o financiamento proporcionado pela LPG \u00e9 decisivo para a continuidade da pesquisa e forma\u00e7\u00e3o em teatro negro:<\/p>\n\n\n\n<blockquote class=\"wp-block-quote is-layout-flow wp-block-quote-is-layout-flow\">\n<p>&#8220;Fomentar projetos liderados por mulheres negras garante uma distribui\u00e7\u00e3o mais justa dos recursos e o reconhecimento de profissionais talentosas.&#8221;<\/p>\n<\/blockquote>\n\n\n\n<p>A capoeira tamb\u00e9m \u00e9 celebrada com protagonismo feminino no projeto <strong>&#8220;Viv\u00eancias multiculturais de capoeira: mulheres fortes&#8221;<\/strong>, que promoveu oficinas no Riacho Fundo I, unindo tradi\u00e7\u00e3o, identidade e empoderamento.<\/p>\n\n\n\n<blockquote class=\"wp-block-quote is-layout-flow wp-block-quote-is-layout-flow\">\n<p>&#8220;Pela primeira vez, o governo olha para esse espa\u00e7o com incentivo que transforma. A LPG revela uma Bras\u00edlia generosa, cultural e comunit\u00e1ria que poucos conhecem&#8221;, afirma a proponente Elisete Maria Pereira da Silva.<\/p>\n<\/blockquote>\n\n\n\n<p>As iniciativas destacam o papel transformador da cultura e refor\u00e7am a import\u00e2ncia de pol\u00edticas p\u00fablicas que valorizam a diversidade e a ancestralidade como pilares de uma sociedade mais justa.<\/p>\n\n\n\n<h3 class=\"wp-block-heading\">Saiba mais: <\/h3>\n\n\n\n<p>\ud83d\udccd Instagram: <a class=\"\" href=\"https:\/\/instagram.com\/leipaulogustavodf\">@leipaulogustavodf<\/a>;<br>\ud83c\udf10 Site: <a class=\"\" href=\"http:\/\/www.leipaulogustavodf.com.br\">www.leipaulogustavodf.com.br<\/a>;<br>\ud83d\udcde Telefone: (62) 99612-6143;<br>\u2709\ufe0f E-mail: <a>editais@leipaulogustavodf.com.br<\/a>.<\/p>\n","protected":false},"excerpt":{"rendered":"<p>Foto\/divulga\u00e7\u00e3o Iniciativas reafirmam a for\u00e7a criativa e ancestral de artistas e lideran\u00e7as negras no cen\u00e1rio cultural brasiliense A pot\u00eancia das mulheres negras do Distrito Federal ganha ainda mais visibilidade com o apoio da Lei Paulo Gustavo (LPG). No m\u00eas em que se celebra o Dia Internacional da Mulher Negra Latino-Americana e Caribenha, a legisla\u00e7\u00e3o reafirma [&hellip;]<\/p>\n","protected":false},"author":1441,"featured_media":13502,"comment_status":"open","ping_status":"open","sticky":false,"template":"","format":"standard","meta":{"_monsterinsights_skip_tracking":false,"_monsterinsights_sitenote_active":false,"_monsterinsights_sitenote_note":"","_monsterinsights_sitenote_category":0,"footnotes":""},"categories":[41,17,34,3,43],"tags":[491,4630],"class_list":["post-13501","post","type-post","status-publish","format-standard","has-post-thumbnail","hentry","category-agenda","category-bsb","category-destaque","category-entertainment","category-releases","tag-df-2","tag-leipaulogustavo"],"_links":{"self":[{"href":"https:\/\/cidadecult.com.br\/index.php?rest_route=\/wp\/v2\/posts\/13501","targetHints":{"allow":["GET"]}}],"collection":[{"href":"https:\/\/cidadecult.com.br\/index.php?rest_route=\/wp\/v2\/posts"}],"about":[{"href":"https:\/\/cidadecult.com.br\/index.php?rest_route=\/wp\/v2\/types\/post"}],"author":[{"embeddable":true,"href":"https:\/\/cidadecult.com.br\/index.php?rest_route=\/wp\/v2\/users\/1441"}],"replies":[{"embeddable":true,"href":"https:\/\/cidadecult.com.br\/index.php?rest_route=%2Fwp%2Fv2%2Fcomments&post=13501"}],"version-history":[{"count":2,"href":"https:\/\/cidadecult.com.br\/index.php?rest_route=\/wp\/v2\/posts\/13501\/revisions"}],"predecessor-version":[{"id":13504,"href":"https:\/\/cidadecult.com.br\/index.php?rest_route=\/wp\/v2\/posts\/13501\/revisions\/13504"}],"wp:featuredmedia":[{"embeddable":true,"href":"https:\/\/cidadecult.com.br\/index.php?rest_route=\/wp\/v2\/media\/13502"}],"wp:attachment":[{"href":"https:\/\/cidadecult.com.br\/index.php?rest_route=%2Fwp%2Fv2%2Fmedia&parent=13501"}],"wp:term":[{"taxonomy":"category","embeddable":true,"href":"https:\/\/cidadecult.com.br\/index.php?rest_route=%2Fwp%2Fv2%2Fcategories&post=13501"},{"taxonomy":"post_tag","embeddable":true,"href":"https:\/\/cidadecult.com.br\/index.php?rest_route=%2Fwp%2Fv2%2Ftags&post=13501"}],"curies":[{"name":"wp","href":"https:\/\/api.w.org\/{rel}","templated":true}]}}