{"id":13457,"date":"2025-07-25T11:17:05","date_gmt":"2025-07-25T14:17:05","guid":{"rendered":"https:\/\/cidadecult.com.br\/?p=13457"},"modified":"2025-07-25T11:19:25","modified_gmt":"2025-07-25T14:19:25","slug":"sensibilita-arte-para-ver-tocar-cheirar-e-ouvir-chega-ao-df-com-proposta-inclusiva-e-multissensorial","status":"publish","type":"post","link":"https:\/\/cidadecult.com.br\/?p=13457","title":{"rendered":"&#8220;Sensibilit\u00e0&#8221;: arte para ver, tocar, cheirar e ouvir chega ao DF com proposta inclusiva e multissensorial"},"content":{"rendered":"\n<p><em>Arte\/divulga\u00e7\u00e3o<\/em><\/p>\n\n\n\n<p><strong>Imagine uma exposi\u00e7\u00e3o em que tocar nas obras \u00e9 n\u00e3o apenas permitido, mas essencial. <\/strong>Essa \u00e9 a proposta de <strong>&#8220;Sensibilit\u00e0: uma experi\u00eancia sensorial e inclusiva&#8221;<\/strong>, mostra que ocupa o <strong>JK Shopping<\/strong> e o <strong>Ven\u00e2ncio Shopping<\/strong> entre os<strong> meses de julho e outubro<\/strong>, transformando a rela\u00e7\u00e3o entre p\u00fablico e arte.<\/p>\n\n\n\n<p>Idealizada pela artista visual <strong>Claudia Bertolin<\/strong>, a exposi\u00e7\u00e3o convida visitantes a mergulhar em uma experi\u00eancia que ultrapassa os limites da vis\u00e3o: obras que provocam o tato, agu\u00e7am o olfato, despertam sons e at\u00e9 sugerem sabores. <strong>O objetivo \u00e9 claro: tornar a arte acess\u00edvel a todas as pessoas, especialmente \u00e0quelas com defici\u00eancia visual ou auditiva.<\/strong><\/p>\n\n\n\n<p>Al\u00e9m das pe\u00e7as produzidas com a t\u00e9cnica do <strong>Fusing<\/strong> (fus\u00e3o de vidro e metal), assinadas por <strong>Bertolin<\/strong>, <strong>a exposi\u00e7\u00e3o apresenta trabalhos criados por pessoas com defici\u00eancia visual, que participaram de oficinas ministradas pela artista em institui\u00e7\u00f5es do DF. <\/strong>Nesses encontros, foram explorados materiais naturais, texturas e pigmentos, um processo de cria\u00e7\u00e3o sens\u00edvel e coletivo.<\/p>\n\n\n\n<p>As<strong> exposi\u00e7\u00f5es <\/strong>contam com <strong>recursos completos de acessibilidade<\/strong>, como <strong>audiodescri\u00e7\u00e3o por QR Code<\/strong>, <strong>textos em Braille<\/strong>, <strong>int\u00e9rpretes de Libras<\/strong> em <strong>visitas guiadas<\/strong> e monitoria especializada. \u00c9 arte para ser sentida com o corpo inteiro e por todos os corpos.<\/p>\n\n\n\n<h3 class=\"wp-block-heading\">Quando e onde:<\/h3>\n\n\n\n<p><strong>JK Shopping \u2013 Taguatinga<\/strong>: <br>\ud83d\udccd Abertura: 26 de julho (s\u00e1bado), \u00e0s 18h;<br>\ud83d\udcc5 Visita\u00e7\u00e3o: 27 de julho a 7 de setembro;<br>\ud83d\udd58 Todos os dias, das 10h \u00e0s 22h.<\/p>\n\n\n\n<p><strong>Ven\u00e2ncio Shopping \u2013 Plano Piloto<\/strong>: <br>\ud83d\udccd Abertura: 30 de setembro (ter\u00e7a-feira), \u00e0s 18h;<br>\ud83d\udcc5 Visita\u00e7\u00e3o: 1\u00ba a 29 de outubro;<br>\ud83d\udd58 Todos os dias, das 10h \u00e0s 22h.<\/p>\n\n\n\n<p>\ud83c\udfab Entrada gratuita | Classifica\u00e7\u00e3o livre. <\/p>\n\n\n\n<p>\u201c<strong>Sensibilit\u00e0<\/strong>\u201d \u00e9 um projeto realizado com apoio do <strong>Fundo de Apoio \u00e0 Cultura do Distrito Federal (FAC)<\/strong> e parceiros como a <strong>Secretaria de Educa\u00e7\u00e3o do DF<\/strong>, o <strong>CEEDV<\/strong>, a <strong>Biblioteca Braille Dorina Nowill<\/strong>, o <strong>SINPRO<\/strong>, al\u00e9m dos shoppings e da <strong>\u00d3ptica Audrey Brants<\/strong>. A produ\u00e7\u00e3o \u00e9 de <strong>Rosana Loren<\/strong> e <strong>Ra\u00ed Marques<\/strong>, com registros visuais de <strong>Rafael Fernandes<\/strong>.<\/p>\n\n\n\n<p>Mais do que uma mostra de <strong>arte<\/strong>, <strong>&#8220;Sensibilit\u00e0&#8221;<\/strong> \u00e9<strong> uma experi\u00eancia de conex\u00e3o com os sentidos<\/strong>, com o outro e com a<strong> pot\u00eancia da inclus\u00e3o.<\/strong><\/p>\n","protected":false},"excerpt":{"rendered":"<p>Arte\/divulga\u00e7\u00e3o Imagine uma exposi\u00e7\u00e3o em que tocar nas obras \u00e9 n\u00e3o apenas permitido, mas essencial. Essa \u00e9 a proposta de &#8220;Sensibilit\u00e0: uma experi\u00eancia sensorial e inclusiva&#8221;, mostra que ocupa o JK Shopping e o Ven\u00e2ncio Shopping entre os meses de julho e outubro, transformando a rela\u00e7\u00e3o entre p\u00fablico e arte. Idealizada pela artista visual Claudia [&hellip;]<\/p>\n","protected":false},"author":1441,"featured_media":13458,"comment_status":"open","ping_status":"open","sticky":false,"template":"","format":"standard","meta":{"_monsterinsights_skip_tracking":false,"_monsterinsights_sitenote_active":false,"_monsterinsights_sitenote_note":"","_monsterinsights_sitenote_category":0,"footnotes":""},"categories":[41,2569,17,34,281],"tags":[5126,491,5125,5122,5123],"class_list":["post-13457","post","type-post","status-publish","format-standard","has-post-thumbnail","hentry","category-agenda","category-arte","category-bsb","category-destaque","category-exposicao","tag-audicao","tag-df-2","tag-ofato","tag-sensibilita","tag-tato"],"_links":{"self":[{"href":"https:\/\/cidadecult.com.br\/index.php?rest_route=\/wp\/v2\/posts\/13457","targetHints":{"allow":["GET"]}}],"collection":[{"href":"https:\/\/cidadecult.com.br\/index.php?rest_route=\/wp\/v2\/posts"}],"about":[{"href":"https:\/\/cidadecult.com.br\/index.php?rest_route=\/wp\/v2\/types\/post"}],"author":[{"embeddable":true,"href":"https:\/\/cidadecult.com.br\/index.php?rest_route=\/wp\/v2\/users\/1441"}],"replies":[{"embeddable":true,"href":"https:\/\/cidadecult.com.br\/index.php?rest_route=%2Fwp%2Fv2%2Fcomments&post=13457"}],"version-history":[{"count":1,"href":"https:\/\/cidadecult.com.br\/index.php?rest_route=\/wp\/v2\/posts\/13457\/revisions"}],"predecessor-version":[{"id":13459,"href":"https:\/\/cidadecult.com.br\/index.php?rest_route=\/wp\/v2\/posts\/13457\/revisions\/13459"}],"wp:featuredmedia":[{"embeddable":true,"href":"https:\/\/cidadecult.com.br\/index.php?rest_route=\/wp\/v2\/media\/13458"}],"wp:attachment":[{"href":"https:\/\/cidadecult.com.br\/index.php?rest_route=%2Fwp%2Fv2%2Fmedia&parent=13457"}],"wp:term":[{"taxonomy":"category","embeddable":true,"href":"https:\/\/cidadecult.com.br\/index.php?rest_route=%2Fwp%2Fv2%2Fcategories&post=13457"},{"taxonomy":"post_tag","embeddable":true,"href":"https:\/\/cidadecult.com.br\/index.php?rest_route=%2Fwp%2Fv2%2Ftags&post=13457"}],"curies":[{"name":"wp","href":"https:\/\/api.w.org\/{rel}","templated":true}]}}