{"id":13446,"date":"2025-07-24T11:25:03","date_gmt":"2025-07-24T14:25:03","guid":{"rendered":"https:\/\/cidadecult.com.br\/?p=13446"},"modified":"2025-07-24T11:29:18","modified_gmt":"2025-07-24T14:29:18","slug":"julho-das-pretas-cultural-segue-com-programacao-intensa","status":"publish","type":"post","link":"https:\/\/cidadecult.com.br\/?p=13446","title":{"rendered":"Julho das Pretas Cultural segue com programa\u00e7\u00e3o intensa!"},"content":{"rendered":"\n<p><em>Foto\/divulga\u00e7\u00e3o<\/em><\/p>\n\n\n\n<p>A <strong>segunda edi\u00e7\u00e3o<\/strong> do <strong>&#8220;Julho das pretas cultural&#8221;<\/strong> entra na <strong>reta final com uma s\u00e9rie de atividades que celebram a arte, a resist\u00eancia e a pot\u00eancia das mulheres negras do Distrito Federal.<\/strong> Realizado pela <strong>Casa dos Quatro<\/strong>, <strong>Cassangue Produ\u00e7\u00f5es<\/strong> e o <strong>Gri\u00f4 Caf\u00e9<\/strong>,<strong> o evento ocupa a 708 Norte at\u00e9 o fim do m\u00eas com teatro, m\u00fasica, literatura e debates essenciais.<\/strong><\/p>\n\n\n\n<p>A seguir, confira a programa\u00e7\u00e3o a partir de <strong>quarta-feira (24)<\/strong>:<\/p>\n\n\n\n<p><strong>24 de julho (quarta), 19h30 \u2013 Cineclube: &#8220;Quando elas se movimentam&#8221;<\/strong><br>Inspirado na frase de Angela Davis, o document\u00e1rio retrata as transforma\u00e7\u00f5es sociais provocadas pelo protagonismo de mulheres negras. Ap\u00f3s a exibi\u00e7\u00e3o, acontece uma roda de conversa com <strong>Vict\u00f3ria Cava\u00e7ani<\/strong>, vice-presidente da Comiss\u00e3o de Igualdade Racial da OAB\/DF.<br>\ud83d\udccd Entrada gratuita<\/p>\n\n\n\n<p><strong>25 de julho (quinta), 19h30 \u2013 M\u00fasica: Liz<\/strong><br>A cantora brasiliense <strong>Liz<\/strong> mistura R&amp;B, MPB e afromusic em uma apresenta\u00e7\u00e3o que valoriza a m\u00fasica preta brasileira, com voz marcante e presen\u00e7a cativante.<br>\ud83d\udccd Couvert art\u00edstico: R$ 15<\/p>\n\n\n\n<p><strong>26 de julho (sexta), 15h \u2013 Recarregar para resistir<\/strong><br>Bate-papo com a psic\u00f3loga <strong>Gis\u00e8lle Siqueira<\/strong> sobre descanso e lazer como estrat\u00e9gias de autocuidado e resist\u00eancia para mulheres negras.<br>\ud83d\udccd Entrada gratuita<\/p>\n\n\n\n<p>2<strong>7 de julho (s\u00e1bado)<\/strong><\/p>\n\n\n\n<ul class=\"wp-block-list\">\n<li><strong>10h \u2013 Caf\u00e9 com Nathalia Cruz<\/strong><br>A atriz e roteirista apresenta seu livro infantil \u201c<em>Tita e a alegria que do\u00eda<\/em>\u201d e participa de manh\u00e3 de aut\u00f3grafos no Gri\u00f4 Caf\u00e9.<\/li>\n\n\n\n<li><strong>19h \u2013 Espet\u00e1culo teatral \u201cPai Nosso\u201d<\/strong>, com <strong>Geise Prazeres<\/strong> (Coletivo Arar)<br>Mon\u00f3logo poderoso sobre as viv\u00eancias de uma mulher negra perif\u00e9rica. O espet\u00e1culo recebeu diversos pr\u00eamios nacionais.<br>\ud83d\udccd Ingressos: R$ 40 (inteira) | R$ 20 (meia)<\/li>\n<\/ul>\n\n\n\n<p><strong>31 de julho (quinta), 17h \u2013 Sarau DasPretas<\/strong><br>Feira de produtos artesanais, apresenta\u00e7\u00f5es art\u00edsticas e celebra\u00e7\u00e3o da cultura afrodiasp\u00f3rica com o tema &#8220;Cores e Sons Afrodiasp\u00f3ricos&#8221;.<br>\ud83d\udccd Entrada gratuita.<\/p>\n\n\n\n<p><strong>Julho das Pretas Cultural 2025 \u2013 2\u00aa edi\u00e7\u00e3o<\/strong>: <br>\ud83d\uddd3\ufe0f De 16 a 31 de julho;<br>\ud83d\udccd Gri\u00f4 Caf\u00e9 e Teatro Ribondi \u2013 Casa dos Quatro (708 Norte);<br>Realiza\u00e7\u00e3o: Casa dos Quatro, Cassangue Produ\u00e7\u00f5es e Gri\u00f4 Caf\u00e9.<\/p>\n\n\n\n<p>Para mais informa\u00e7\u00f5es:<br>\ud83d\udcf2 @casadosquatro | @cassangueproducoes | @griocafecultural.<\/p>\n","protected":false},"excerpt":{"rendered":"<p>Foto\/divulga\u00e7\u00e3o A segunda edi\u00e7\u00e3o do &#8220;Julho das pretas cultural&#8221; entra na reta final com uma s\u00e9rie de atividades que celebram a arte, a resist\u00eancia e a pot\u00eancia das mulheres negras do Distrito Federal. Realizado pela Casa dos Quatro, Cassangue Produ\u00e7\u00f5es e o Gri\u00f4 Caf\u00e9, o evento ocupa a 708 Norte at\u00e9 o fim do m\u00eas [&hellip;]<\/p>\n","protected":false},"author":1441,"featured_media":13447,"comment_status":"open","ping_status":"open","sticky":false,"template":"","format":"standard","meta":{"_monsterinsights_skip_tracking":false,"_monsterinsights_sitenote_active":false,"_monsterinsights_sitenote_note":"","_monsterinsights_sitenote_category":0,"footnotes":""},"categories":[41,17,34,3,43],"tags":[403,423,487,5116,5117],"class_list":["post-13446","post","type-post","status-publish","format-standard","has-post-thumbnail","hentry","category-agenda","category-bsb","category-destaque","category-entertainment","category-releases","tag-cidadecult-2","tag-cidadecultpordentro-2","tag-destaque","tag-julhodaspretascultural","tag-programacaointensa"],"_links":{"self":[{"href":"https:\/\/cidadecult.com.br\/index.php?rest_route=\/wp\/v2\/posts\/13446","targetHints":{"allow":["GET"]}}],"collection":[{"href":"https:\/\/cidadecult.com.br\/index.php?rest_route=\/wp\/v2\/posts"}],"about":[{"href":"https:\/\/cidadecult.com.br\/index.php?rest_route=\/wp\/v2\/types\/post"}],"author":[{"embeddable":true,"href":"https:\/\/cidadecult.com.br\/index.php?rest_route=\/wp\/v2\/users\/1441"}],"replies":[{"embeddable":true,"href":"https:\/\/cidadecult.com.br\/index.php?rest_route=%2Fwp%2Fv2%2Fcomments&post=13446"}],"version-history":[{"count":1,"href":"https:\/\/cidadecult.com.br\/index.php?rest_route=\/wp\/v2\/posts\/13446\/revisions"}],"predecessor-version":[{"id":13448,"href":"https:\/\/cidadecult.com.br\/index.php?rest_route=\/wp\/v2\/posts\/13446\/revisions\/13448"}],"wp:featuredmedia":[{"embeddable":true,"href":"https:\/\/cidadecult.com.br\/index.php?rest_route=\/wp\/v2\/media\/13447"}],"wp:attachment":[{"href":"https:\/\/cidadecult.com.br\/index.php?rest_route=%2Fwp%2Fv2%2Fmedia&parent=13446"}],"wp:term":[{"taxonomy":"category","embeddable":true,"href":"https:\/\/cidadecult.com.br\/index.php?rest_route=%2Fwp%2Fv2%2Fcategories&post=13446"},{"taxonomy":"post_tag","embeddable":true,"href":"https:\/\/cidadecult.com.br\/index.php?rest_route=%2Fwp%2Fv2%2Ftags&post=13446"}],"curies":[{"name":"wp","href":"https:\/\/api.w.org\/{rel}","templated":true}]}}