{"id":13434,"date":"2025-07-23T12:38:47","date_gmt":"2025-07-23T15:38:47","guid":{"rendered":"https:\/\/cidadecult.com.br\/?p=13434"},"modified":"2025-07-23T12:41:09","modified_gmt":"2025-07-23T15:41:09","slug":"programa-df-alfabetizado-abre-inscricoes-para-novos-voluntarios-em-2025","status":"publish","type":"post","link":"https:\/\/cidadecult.com.br\/?p=13434","title":{"rendered":"Programa DF Alfabetizado abre inscri\u00e7\u00f5es para novos volunt\u00e1rios em 2025!"},"content":{"rendered":"\n<p><em>Foto: Mary Mara Leal\/SEEDF<\/em><\/p>\n\n\n\n<p>A alfabetiza\u00e7\u00e3o de jovens, adultos e idosos segue como prioridade no Distrito Federal. Est\u00e3o abertas as inscri\u00e7\u00f5es para o processo seletivo do <strong>Programa DF Alfabetizado \u2013 Saldo Remanescente 2025<\/strong>, promovido pela Secretaria de Educa\u00e7\u00e3o do DF. Os volunt\u00e1rios atuar\u00e3o como <strong>alfabetizadores<\/strong> ou <strong>tradutores int\u00e9rpretes de Libras<\/strong>, com atividades previstas at\u00e9 dezembro deste ano.<\/p>\n\n\n\n<p>As inscri\u00e7\u00f5es v\u00e3o at\u00e9 o dia <strong>3 de agosto<\/strong> e devem ser feitas por meio de <strong>formul\u00e1rio eletr\u00f4nico<\/strong>. Ap\u00f3s o preenchimento, os documentos exigidos devem ser enviados, em um \u00fanico e-mail e em formato PDF, para <strong><a>dfalfabetizado.subeb@se.df.gov.br<\/a><\/strong>.<\/p>\n\n\n\n<h3 class=\"wp-block-heading\">\ud83d\udcbc Atua\u00e7\u00e3o e bolsa-aux\u00edlio<\/h3>\n\n\n\n<p>Os selecionados receber\u00e3o uma <strong>bolsa-aux\u00edlio mensal de R$ 1.600<\/strong> e desenvolver\u00e3o atividades em turmas voltadas para a alfabetiza\u00e7\u00e3o de trabalhadores a partir dos 15 anos. As aulas poder\u00e3o acontecer nos turnos <strong>matutino, vespertino ou noturno<\/strong>, conforme a necessidade das comunidades atendidas. A carga hor\u00e1ria m\u00ednima \u00e9 de <strong>15 horas semanais<\/strong>, totalizando pelo menos <strong>240 horas<\/strong> ao longo do programa.<\/p>\n\n\n\n<p>A atua\u00e7\u00e3o ser\u00e1 realizada em <strong>espa\u00e7os p\u00fablicos autorizados<\/strong>, com apenas uma turma por turno e local. Professores da rede p\u00fablica do DF tamb\u00e9m podem participar, desde que haja compatibilidade de hor\u00e1rios.<\/p>\n\n\n\n<h3 class=\"wp-block-heading\">\ud83d\udcdd Requisitos para participar<\/h3>\n\n\n\n<p>Para se candidatar, \u00e9 necess\u00e1rio:<br>\u2022 Ter <strong>18 anos completos<\/strong> at\u00e9 a data de divulga\u00e7\u00e3o do edital<br>\u2022 Ser <strong>brasileiro ou estrangeiro em situa\u00e7\u00e3o legal<\/strong><br>\u2022 Ter <strong>diploma ou declara\u00e7\u00e3o de conclus\u00e3o de licenciatura<\/strong> (preferencialmente em Pedagogia)<br>\u2022 Estar <strong>em dia com a Justi\u00e7a Eleitoral<\/strong><br>\u2022 Homens devem apresentar <strong>Certificado de Reservista<\/strong><br>\u2022 Estar disposto a realizar a <strong>busca ativa<\/strong> e capta\u00e7\u00e3o de alfabetizandos<\/p>\n\n\n\n<h3 class=\"wp-block-heading\">\ud83d\udcc5 Cronograma<\/h3>\n\n\n\n<ul class=\"wp-block-list\">\n<li><strong>Inscri\u00e7\u00f5es e busca ativa:<\/strong> at\u00e9 3 de agosto<\/li>\n\n\n\n<li><strong>Valida\u00e7\u00e3o das turmas:<\/strong> 28 de julho a 6 de agosto<\/li>\n\n\n\n<li><strong>An\u00e1lise documental:<\/strong> 4 a 8 de agosto<\/li>\n\n\n\n<li><strong>Resultado preliminar:<\/strong> 11 de agosto<\/li>\n\n\n\n<li><strong>Per\u00edodo de recursos:<\/strong> 12 de agosto<\/li>\n\n\n\n<li><strong>Resultado final e assinatura do termo de compromisso:<\/strong> 13 e 14 de agosto<\/li>\n<\/ul>\n\n\n\n<h3 class=\"wp-block-heading\">\ud83d\udd04 Prorroga\u00e7\u00e3o de volunt\u00e1rios atuais<\/h3>\n\n\n\n<p>Alfabetizadores e coordenadores que j\u00e1 atuam no programa e obtiverem <strong>pelo menos 70% de aproveitamento<\/strong> no processo avaliativo ter\u00e3o sua atua\u00e7\u00e3o estendida at\u00e9 dezembro. A assinatura do <strong>Termo Aditivo<\/strong> ocorrer\u00e1 no dia <strong>1\u00ba de agosto<\/strong>.<\/p>\n\n\n\n<p>Essa \u00e9 uma oportunidade de contribuir diretamente com a <strong>educa\u00e7\u00e3o de base no DF<\/strong>, ampliando o acesso ao conhecimento e fortalecendo o direito \u00e0 alfabetiza\u00e7\u00e3o para todos.<\/p>\n","protected":false},"excerpt":{"rendered":"<p>Foto: Mary Mara Leal\/SEEDF A alfabetiza\u00e7\u00e3o de jovens, adultos e idosos segue como prioridade no Distrito Federal. Est\u00e3o abertas as inscri\u00e7\u00f5es para o processo seletivo do Programa DF Alfabetizado \u2013 Saldo Remanescente 2025, promovido pela Secretaria de Educa\u00e7\u00e3o do DF. Os volunt\u00e1rios atuar\u00e3o como alfabetizadores ou tradutores int\u00e9rpretes de Libras, com atividades previstas at\u00e9 dezembro [&hellip;]<\/p>\n","protected":false},"author":1441,"featured_media":13435,"comment_status":"open","ping_status":"open","sticky":false,"template":"","format":"standard","meta":{"_monsterinsights_skip_tracking":false,"_monsterinsights_sitenote_active":false,"_monsterinsights_sitenote_note":"","_monsterinsights_sitenote_category":0,"footnotes":""},"categories":[41,17,34,290],"tags":[487,5113,5114],"class_list":["post-13434","post","type-post","status-publish","format-standard","has-post-thumbnail","hentry","category-agenda","category-bsb","category-destaque","category-educacao","tag-destaque","tag-programadfalfabetizado","tag-voluntarios25"],"_links":{"self":[{"href":"https:\/\/cidadecult.com.br\/index.php?rest_route=\/wp\/v2\/posts\/13434","targetHints":{"allow":["GET"]}}],"collection":[{"href":"https:\/\/cidadecult.com.br\/index.php?rest_route=\/wp\/v2\/posts"}],"about":[{"href":"https:\/\/cidadecult.com.br\/index.php?rest_route=\/wp\/v2\/types\/post"}],"author":[{"embeddable":true,"href":"https:\/\/cidadecult.com.br\/index.php?rest_route=\/wp\/v2\/users\/1441"}],"replies":[{"embeddable":true,"href":"https:\/\/cidadecult.com.br\/index.php?rest_route=%2Fwp%2Fv2%2Fcomments&post=13434"}],"version-history":[{"count":1,"href":"https:\/\/cidadecult.com.br\/index.php?rest_route=\/wp\/v2\/posts\/13434\/revisions"}],"predecessor-version":[{"id":13436,"href":"https:\/\/cidadecult.com.br\/index.php?rest_route=\/wp\/v2\/posts\/13434\/revisions\/13436"}],"wp:featuredmedia":[{"embeddable":true,"href":"https:\/\/cidadecult.com.br\/index.php?rest_route=\/wp\/v2\/media\/13435"}],"wp:attachment":[{"href":"https:\/\/cidadecult.com.br\/index.php?rest_route=%2Fwp%2Fv2%2Fmedia&parent=13434"}],"wp:term":[{"taxonomy":"category","embeddable":true,"href":"https:\/\/cidadecult.com.br\/index.php?rest_route=%2Fwp%2Fv2%2Fcategories&post=13434"},{"taxonomy":"post_tag","embeddable":true,"href":"https:\/\/cidadecult.com.br\/index.php?rest_route=%2Fwp%2Fv2%2Ftags&post=13434"}],"curies":[{"name":"wp","href":"https:\/\/api.w.org\/{rel}","templated":true}]}}