{"id":1343,"date":"2023-10-17T15:10:54","date_gmt":"2023-10-17T18:10:54","guid":{"rendered":"https:\/\/cidadecult.com.br\/?p=1343"},"modified":"2023-10-17T15:10:57","modified_gmt":"2023-10-17T18:10:57","slug":"complexo-cultural-do-choro-recebe-choro-e-samba-da-melhor-qualidade","status":"publish","type":"post","link":"https:\/\/cidadecult.com.br\/?p=1343","title":{"rendered":"Complexo Cultural do Choro recebe Choro e Samba da melhor qualidade"},"content":{"rendered":"\n<p><\/p>\n\n\n\n<p><strong>A programa\u00e7\u00e3o do projeto \u00e9 gratuita e para toda fam\u00edlia<\/strong><\/p>\n\n\n\n<p>Dando continuidade \u00e0 sua programa\u00e7\u00e3o quinzenal o Complexo Cultural do Choro inicia o s\u00e1bado, 21 de outubro, com a tradicional roda de choro dos alunos e professores da Escola Brasileira de Choro Raphael Rabello, na \u00e1rea externa do Espa\u00e7o Cultural do choro, seguida da feijoada com samba, evento j\u00e1 aguardado aos s\u00e1bados. No domingo, 22 de outubro, a programa\u00e7\u00e3o \u00e9 para toda fam\u00edlia. \u00c0s 16h, o Piquenique Chor\u00e3o recebe o Palha\u00e7o Rapadura, do Circo Udigrudi. Rapadura \u00e9 uma mistura de Jeca Tatu com Carlitos. Tem a ingenuidade e pureza das crian\u00e7as e no espet\u00e1culo utiliza elementos de m\u00edmica, palha\u00e7aria cl\u00e1ssica e habilidades circenses, garantindo boas risadas para as fam\u00edlias. Ningu\u00e9m pode ficar de fora!<\/p>\n\n\n\n<p>Em seguida, o p\u00fablico \u00e9 convidado a entrar para o Clube do Choro para um grande momento do Choro com uma democr\u00e1tica roda aberta que contar\u00e1 com a participa\u00e7\u00e3o dos m\u00fasicos do Clube do Choro convida: Felix J\u00fanior no viol\u00e3o 7 cordas, L\u00e9o Benon no cavaquinho e J\u00fanior Vi\u00e9gas no pandeiro. Os convidados da Roda ser\u00e3o a talentosa Larissa Umayt\u00e1 com o pandeiro nas m\u00e3os e o sorriso no rosto, Sergio Morais, flautista, m\u00fasico e professor cheio de predicados e Manasses de Sousa, importante violonista cearense que reside na capital federal desde 2011. Esse \u00e9 o momento em que o p\u00fablico presente que gosta de Choro e quer apresentar um pouco de m\u00fasica, \u00e9 bem-vindo para entrar na roda e mostrar seu som.<\/p>\n\n\n\n<p>E para encerra a programa\u00e7\u00e3o do final de semana, nada mais nada menos do que 7naRODA, no Domingo no Clube. Com 16 anos de carreira, o 7naRoda \u00e9 reconhecido por seu trabalho autoral e por prestar rever\u00eancia ao samba raiz. A versatilidade e compet\u00eancia musical de seus integrantes garantiram o reconhecimento como a roda de samba mais tradicional de Bras\u00edlia. Com respeito \u00e0 Velha Guarda, o grupo transita, em todos os seus espet\u00e1culos, entre cl\u00e1ssicos de grandes mestres do estilo musical mais popular do pa\u00eds, composi\u00e7\u00f5es pr\u00f3prias e sucessos mais recentes de artistas renomados do cen\u00e1rio nacional. Finalistas de diversos festivais e ganhadores em 2013 do Pr\u00eamio de Melhor M\u00fasica da R\u00e1dio Nacional, os talentosos m\u00fasicos j\u00e1 fizeram dobradinhas com Monarco, Nelson Sargento, Fabiana Cozza, Leandro Fregonesi, Almir Guineto, Noca da Portela, Juliana Diniz, Moyseis Marques, Moacyr Luz e Jo\u00e3o Cavalcanti. Fazem parte do 7naRoda os m\u00fasicos Breno Alves (pandeiro e voz), Kadu Nascimento (surdo e voz), Guto Martins (percuss\u00e3o), Pedro Molusco (cavaco) e Rodrigo Dantas (Viol\u00e3o 7 Cordas).<\/p>\n\n\n\n<p>O Complexo Cultural do Choro \u00e9 apresentado pelo Minist\u00e9rio da Cultura, Shell e Instituto Cultural de Educa\u00e7\u00e3o Musical de Bras\u00edlia (ICEM).<\/p>\n\n\n\n<p>\u201cA Shell entende ser fundamental o fomento \u00e0 cultura como ponte para o desenvolvimento e a cidadania. O Complexo Cultural do Choro traduz esses valores ao desenvolver atividades que englobam diversas \u00e1reas culturais e diferentes p\u00fablicos, contribuindo para o empreendedorismo e o desenvolvimento da cidadania\u201d, ressalta Glauco Paiva, gerente executivo de Comunica\u00e7\u00e3o e Responsabilidade Social da Shell Brasil.<\/p>\n\n\n\n<p><strong>Sobre a Shell Brasil:<\/strong><\/p>\n\n\n\n<p>H\u00e1 110 anos no pa\u00eds, a Shell \u00e9 uma empresa de energia integrada com participa\u00e7\u00e3o em Upstream, no Novo Mercado de G\u00e1s Natural, Trading, Pesquisa &amp; Desenvolvimento e no Desenvolvimento de Energias Renov\u00e1veis, com um neg\u00f3cio de comercializa\u00e7\u00e3o no mercado livre e produtos ambientais, a Shell Energy Brasil. Aqui, a distribui\u00e7\u00e3o de combust\u00edveis \u00e9 gerenciada pela joint-venture Ra\u00edzen, que recentemente adquiriu tamb\u00e9m o neg\u00f3cio de lubrificantes da Shell Brasil. A companhia trabalha para atender \u00e0 crescente demanda por energia de forma econ\u00f4mica, ambiental e socialmente respons\u00e1vel, avaliando tend\u00eancias e cen\u00e1rios para responder ao desafio do futuro da energia.<\/p>\n\n\n\n<p><strong>Confira a programa\u00e7\u00e3o:<\/strong><\/p>\n\n\n\n<p>21\/10, s\u00e1bado<\/p>\n\n\n\n<p>10h &#8211; Roda de Choro dos Alunos e Professores da Escola Brasileira de Choro Raphael Rabello<\/p>\n\n\n\n<p>12h \u2013 Feijoada com Samba (projeto da casa)<\/p>\n\n\n\n<p>22\/10, domingo<\/p>\n\n\n\n<p>16h &#8211; Piquenique Chor\u00e3o com Palha\u00e7o Rapadura, do Circo Udigrudi<\/p>\n\n\n\n<p>17h \u2013 Clube do Choro convida com Felix J\u00fanior, L\u00e9o Benon e J\u00fanior Vi\u00e9gas e convidados Manasses de Sousa, Larissa Umayt\u00e1 e Sergio Morais<\/p>\n\n\n\n<p>18h45 &#8211; Domingo no Clube com&nbsp;<em>7naRoda<\/em><strong><\/strong><\/p>\n\n\n\n<p><strong>Servi\u00e7o<\/strong><strong><\/strong><\/p>\n\n\n\n<p>Complexo Cultural do Choro de Bras\u00edlia<\/p>\n\n\n\n<p>Dias: 21 e 22 de outubro (s\u00e1bado e domingo)<\/p>\n\n\n\n<p>Endere\u00e7o: Espa\u00e7o Cultural do Choro &#8211; Setor de Divulga\u00e7\u00e3o Cultural \u2013 Eixo Monumental.<\/p>\n\n\n\n<p>Telefone: (61) 3226-3969<\/p>\n\n\n\n<p>Classifica\u00e7\u00e3o indicativa: livre para todos os p\u00fablicos<\/p>\n\n\n\n<p><strong>Acesso livre e gratuito para toda programa\u00e7\u00e3o do domingo<\/strong><br><\/p>\n","protected":false},"excerpt":{"rendered":"<p>A programa\u00e7\u00e3o do projeto \u00e9 gratuita e para toda fam\u00edlia Dando continuidade \u00e0 sua programa\u00e7\u00e3o quinzenal o Complexo Cultural do Choro inicia o s\u00e1bado, 21 de outubro, com a tradicional roda de choro dos alunos e professores da Escola Brasileira de Choro Raphael Rabello, na \u00e1rea externa do Espa\u00e7o Cultural do choro, seguida da feijoada [&hellip;]<\/p>\n","protected":false},"author":1,"featured_media":1345,"comment_status":"open","ping_status":"open","sticky":false,"template":"","format":"standard","meta":{"_monsterinsights_skip_tracking":false,"_monsterinsights_sitenote_active":false,"_monsterinsights_sitenote_note":"","_monsterinsights_sitenote_category":0,"footnotes":""},"categories":[41,17,34,3,35],"tags":[],"class_list":["post-1343","post","type-post","status-publish","format-standard","has-post-thumbnail","hentry","category-agenda","category-bsb","category-destaque","category-entertainment","category-business-news365"],"_links":{"self":[{"href":"https:\/\/cidadecult.com.br\/index.php?rest_route=\/wp\/v2\/posts\/1343","targetHints":{"allow":["GET"]}}],"collection":[{"href":"https:\/\/cidadecult.com.br\/index.php?rest_route=\/wp\/v2\/posts"}],"about":[{"href":"https:\/\/cidadecult.com.br\/index.php?rest_route=\/wp\/v2\/types\/post"}],"author":[{"embeddable":true,"href":"https:\/\/cidadecult.com.br\/index.php?rest_route=\/wp\/v2\/users\/1"}],"replies":[{"embeddable":true,"href":"https:\/\/cidadecult.com.br\/index.php?rest_route=%2Fwp%2Fv2%2Fcomments&post=1343"}],"version-history":[{"count":1,"href":"https:\/\/cidadecult.com.br\/index.php?rest_route=\/wp\/v2\/posts\/1343\/revisions"}],"predecessor-version":[{"id":1346,"href":"https:\/\/cidadecult.com.br\/index.php?rest_route=\/wp\/v2\/posts\/1343\/revisions\/1346"}],"wp:featuredmedia":[{"embeddable":true,"href":"https:\/\/cidadecult.com.br\/index.php?rest_route=\/wp\/v2\/media\/1345"}],"wp:attachment":[{"href":"https:\/\/cidadecult.com.br\/index.php?rest_route=%2Fwp%2Fv2%2Fmedia&parent=1343"}],"wp:term":[{"taxonomy":"category","embeddable":true,"href":"https:\/\/cidadecult.com.br\/index.php?rest_route=%2Fwp%2Fv2%2Fcategories&post=1343"},{"taxonomy":"post_tag","embeddable":true,"href":"https:\/\/cidadecult.com.br\/index.php?rest_route=%2Fwp%2Fv2%2Ftags&post=1343"}],"curies":[{"name":"wp","href":"https:\/\/api.w.org\/{rel}","templated":true}]}}