{"id":13383,"date":"2025-07-17T11:44:39","date_gmt":"2025-07-17T14:44:39","guid":{"rendered":"https:\/\/cidadecult.com.br\/?p=13383"},"modified":"2025-07-17T11:44:41","modified_gmt":"2025-07-17T14:44:41","slug":"dia-mundial-da-cobra-brasilia-ambiental-reforca-papel-ecologico-das-serpentes-do-cerrado","status":"publish","type":"post","link":"https:\/\/cidadecult.com.br\/?p=13383","title":{"rendered":"Dia Mundial da Cobra: Bras\u00edlia Ambiental refor\u00e7a papel ecol\u00f3gico das serpentes do Cerrado"},"content":{"rendered":"\n<p><em>Foto: L\u00facio Bernardo Jr. <\/em><\/p>\n\n\n\n<p>No <strong>Dia Mundial da Cobra<\/strong>, celebrado <strong>ontem, 6 de julho<\/strong>, o <strong>Instituto Bras\u00edlia Ambiental <\/strong>destaca a <strong>import\u00e2ncia das serpentes na manuten\u00e7\u00e3o do equil\u00edbrio ecol\u00f3gico, especialmente no bioma Cerrado<\/strong>. A data \u00e9 <strong>um convite \u00e0 reflex\u00e3o e \u00e0 quebra de preconceitos sobre esses animais, frequentemente alvo de medo e viol\u00eancia.<\/strong><\/p>\n\n\n\n<p>Segundo o bi\u00f3logo<strong> Thiago Silvestre, <\/strong>da &#8220;Ger\u00eancia de fauna silvestre da autarquia&#8221;,<strong> as serpentes desempenham fun\u00e7\u00f5es essenciais como o controle populacional de roedores, o que contribui para a diminui\u00e7\u00e3o de zoonoses. Al\u00e9m disso, fazem parte da cadeia alimentar, servindo de alimento para outras esp\u00e9cies\u201d. Ele tamb\u00e9m lembra que os venenos de serpentes s\u00e3o fundamentais para a produ\u00e7\u00e3o de soros antiof\u00eddicos usados nos hospitais do DF.<\/strong><\/p>\n\n\n\n<p><strong>O Cerrado abriga cerca de 117 esp\u00e9cies de serpentes registradas<\/strong>. A maioria n\u00e3o \u00e9 pe\u00e7onhenta, mas muitas s\u00e3o mortas por medo ou desinforma\u00e7\u00e3o. Matar animais da fauna silvestre \u00e9 crime ambiental previsto na <strong>Lei 9.605\/98<\/strong>, sujeito a pena de reclus\u00e3o e multa. Em caso de encontro com serpentes em \u00e1reas urbanas, a recomenda\u00e7\u00e3o \u00e9 acionar o Batalh\u00e3o da Pol\u00edcia Militar Ambiental pelo telefone 190.<\/p>\n\n\n\n<h2 class=\"wp-block-heading\">Educa\u00e7\u00e3o e sensibiliza\u00e7\u00e3o:<\/h2>\n\n\n\n<p>Entre as a\u00e7\u00f5es de conscientiza\u00e7\u00e3o promovidas pelo <strong>&#8220;Bras\u00edlia Ambiental&#8221; <\/strong>est\u00e1 o lan\u00e7amento do <strong>Cartaz das Serpentes do Cerrado<\/strong>, apresentado durante a <strong>Semana do Meio Ambiente<\/strong> e que integra a cole\u00e7\u00e3o &#8220;Eu amo Cerrado&#8221;, criada pela <strong>Unidade de Educa\u00e7\u00e3o Ambiental da autarquia<\/strong>. A iniciativa busca aproximar a popula\u00e7\u00e3o da biodiversidade local e estimular sua preserva\u00e7\u00e3o.<\/p>\n\n\n\n<p>Outra a\u00e7\u00e3o simb\u00f3lica ocorreu na <strong>Esta\u00e7\u00e3o Ecol\u00f3gica de \u00c1guas Emendadas<\/strong>, onde foi identificada a moradia de uma jararaca. O espa\u00e7o, antes conhecido como \u201cCasa do Tatu\u201d, passou a ser reconhecido como o abrigo da serpente, tornando-se objeto de estudo e sinaliza\u00e7\u00e3o educativa.<\/p>\n\n\n\n<p>\u201c\u00c9 fundamental mudar a ideia de que cobras s\u00e3o inimigas. Elas n\u00e3o s\u00e3o. Elas pertencem ao ecossistema e cumpre a n\u00f3s garantir sua preserva\u00e7\u00e3o\u201d, afirma a educadora ambiental Mariana dos Anjos. A observa\u00e7\u00e3o dos h\u00e1bitos do animal tamb\u00e9m auxilia na orienta\u00e7\u00e3o segura aos visitantes da Esta\u00e7\u00e3o.<\/p>\n\n\n\n<h2 class=\"wp-block-heading\">Cultura e conserva\u00e7\u00e3o<\/h2>\n\n\n\n<p>Embora o termo correto seja \u201cserpente\u201d, no Brasil o uso popular de \u201ccobra\u201d \u00e9 amplamente aceito. Das mais de 3 mil esp\u00e9cies existentes no mundo, um quarto s\u00e3o pe\u00e7onhentas. No Brasil, estima-se que existam cerca de 400 esp\u00e9cies algumas, infelizmente, amea\u00e7adas de extin\u00e7\u00e3o em fun\u00e7\u00e3o do desmatamento, da ca\u00e7a e do tr\u00e1fico ilegal.<\/p>\n\n\n\n<p>A vice-governadora do DF, Celina Le\u00e3o, refor\u00e7a a import\u00e2ncia da educa\u00e7\u00e3o ambiental: \u201cA\u00e7\u00f5es que ampliam o entendimento sobre o papel de cada animal na natureza s\u00e3o fundamentais para despertar uma consci\u00eancia coletiva de preserva\u00e7\u00e3o\u201d.<\/p>\n\n\n\n<p>Para o presidente do Bras\u00edlia Ambiental, R\u00f4ney Nemer, as experi\u00eancias transformam perspectivas: \u201cAssumi a presid\u00eancia como arquiteto e hoje vejo o mundo pela lente do meio ambiente. Isso \u00e9 fruto direto da educa\u00e7\u00e3o ambiental\u201d.<\/p>\n\n\n\n<p><strong>Saiba mais sobre a cole\u00e7\u00e3o Eu Amo Cerrado e o Cartaz das Serpentes no site oficial do Bras\u00edlia Ambiental<\/strong>. <strong>Em caso de emerg\u00eancia com fauna silvestre: ligue 190 e acione o Batalh\u00e3o da Pol\u00edcia Militar Ambiental.<\/strong><\/p>\n","protected":false},"excerpt":{"rendered":"<p>Foto: L\u00facio Bernardo Jr. No Dia Mundial da Cobra, celebrado ontem, 6 de julho, o Instituto Bras\u00edlia Ambiental destaca a import\u00e2ncia das serpentes na manuten\u00e7\u00e3o do equil\u00edbrio ecol\u00f3gico, especialmente no bioma Cerrado. A data \u00e9 um convite \u00e0 reflex\u00e3o e \u00e0 quebra de preconceitos sobre esses animais, frequentemente alvo de medo e viol\u00eancia. Segundo o [&hellip;]<\/p>\n","protected":false},"author":777,"featured_media":13384,"comment_status":"open","ping_status":"open","sticky":false,"template":"","format":"standard","meta":{"_monsterinsights_skip_tracking":false,"_monsterinsights_sitenote_active":false,"_monsterinsights_sitenote_note":"","_monsterinsights_sitenote_category":0,"footnotes":""},"categories":[17,34,2580],"tags":[],"class_list":["post-13383","post","type-post","status-publish","format-standard","has-post-thumbnail","hentry","category-bsb","category-destaque","category-meio-ambiente"],"_links":{"self":[{"href":"https:\/\/cidadecult.com.br\/index.php?rest_route=\/wp\/v2\/posts\/13383","targetHints":{"allow":["GET"]}}],"collection":[{"href":"https:\/\/cidadecult.com.br\/index.php?rest_route=\/wp\/v2\/posts"}],"about":[{"href":"https:\/\/cidadecult.com.br\/index.php?rest_route=\/wp\/v2\/types\/post"}],"author":[{"embeddable":true,"href":"https:\/\/cidadecult.com.br\/index.php?rest_route=\/wp\/v2\/users\/777"}],"replies":[{"embeddable":true,"href":"https:\/\/cidadecult.com.br\/index.php?rest_route=%2Fwp%2Fv2%2Fcomments&post=13383"}],"version-history":[{"count":1,"href":"https:\/\/cidadecult.com.br\/index.php?rest_route=\/wp\/v2\/posts\/13383\/revisions"}],"predecessor-version":[{"id":13385,"href":"https:\/\/cidadecult.com.br\/index.php?rest_route=\/wp\/v2\/posts\/13383\/revisions\/13385"}],"wp:featuredmedia":[{"embeddable":true,"href":"https:\/\/cidadecult.com.br\/index.php?rest_route=\/wp\/v2\/media\/13384"}],"wp:attachment":[{"href":"https:\/\/cidadecult.com.br\/index.php?rest_route=%2Fwp%2Fv2%2Fmedia&parent=13383"}],"wp:term":[{"taxonomy":"category","embeddable":true,"href":"https:\/\/cidadecult.com.br\/index.php?rest_route=%2Fwp%2Fv2%2Fcategories&post=13383"},{"taxonomy":"post_tag","embeddable":true,"href":"https:\/\/cidadecult.com.br\/index.php?rest_route=%2Fwp%2Fv2%2Ftags&post=13383"}],"curies":[{"name":"wp","href":"https:\/\/api.w.org\/{rel}","templated":true}]}}