{"id":13329,"date":"2025-07-10T12:11:29","date_gmt":"2025-07-10T15:11:29","guid":{"rendered":"https:\/\/cidadecult.com.br\/?p=13329"},"modified":"2025-07-10T12:11:31","modified_gmt":"2025-07-10T15:11:31","slug":"programa-de-saude-mental-da-secretaria-de-educacao-atende-estudantes-da-rede-publica-do-df","status":"publish","type":"post","link":"https:\/\/cidadecult.com.br\/?p=13329","title":{"rendered":"Programa de Sa\u00fade Mental da Secretaria de Educa\u00e7\u00e3o atende estudantes da rede p\u00fablica do DF"},"content":{"rendered":"\n<p><em>Foto: Felipe de Noronha\/SEEDF<\/em><\/p>\n\n\n\n<p>A <strong>Secretaria de Educa\u00e7\u00e3o do Distrito Federal <\/strong>publicou <strong>ontem (9)<\/strong>, a<strong> Portaria n\u00ba 754 <\/strong>que <strong>institui o &#8220;Programa de Sa\u00fade Mental dos Estudantes (PSME)&#8221;. <\/strong>A iniciativa tem como <strong>objetivo fortalecer a sa\u00fade mental de crian\u00e7as e jovens da rede p\u00fablica de ensino, promovendo um ambiente escolar mais acolhedor, inclusivo e saud\u00e1vel.<\/strong><\/p>\n\n\n\n<p><strong>O PSME contempla estudantes de todas as etapas e modalidades da educa\u00e7\u00e3o b\u00e1sica, atuando com a\u00e7\u00f5es que v\u00e3o desde a preven\u00e7\u00e3o at\u00e9 interven\u00e7\u00f5es em situa\u00e7\u00f5es de crise. A proposta inclui o desenvolvimento de compet\u00eancias socioemocionais, a conscientiza\u00e7\u00e3o sobre a import\u00e2ncia do acolhimento e o est\u00edmulo \u00e0 participa\u00e7\u00e3o ativa dos estudantes, educadores, gestores e fam\u00edlias.<\/strong><\/p>\n\n\n\n<p><em>\u201cAcreditamos que <strong>cuidar da sa\u00fade mental \u00e9 t\u00e3o essencial quanto garantir o acesso ao conhecimento<\/strong>\u201d, <\/em>afirma a subsecret\u00e1ria de<strong> Apoio \u00e0s Pol\u00edticas Educacionais<\/strong>,<strong> Fernanda Mateus.<\/strong> Para <strong>Larisse Cavalcante<\/strong>, diretora de <strong>Atendimento e Apoio \u00e0 Sa\u00fade do Estudante<\/strong>, <em>\u201c\u00e9 fundamental que nossas a\u00e7\u00f5es reconhe\u00e7am as diferen\u00e7as e construam espa\u00e7os que respeitem a diversidade de cada estudante.\u201d<\/em><\/p>\n\n\n\n<p>O programa prev\u00ea ainda a <strong>integra\u00e7\u00e3o<\/strong> com o<strong> &#8220;Programa Sa\u00fade na Escola (PSE)&#8221; <\/strong>e o <strong>desenvolvimento de campanhas educativas para a comunidade escolar. <\/strong>Psic\u00f3logos da rede atuar\u00e3o em <strong>projetos coletivos de promo\u00e7\u00e3o da sa\u00fade mental<\/strong>, enquanto a rede p\u00fablica de sa\u00fade ficar\u00e1 respons\u00e1vel por atendimentos individuais, quando necess\u00e1rios.<\/p>\n\n\n\n<p>As coordena\u00e7\u00f5es regionais de ensino ter\u00e3o papel fundamental no acompanhamento das a\u00e7\u00f5es, e as unidades escolares dever\u00e3o incorporar o programa em seus projetos pol\u00edtico-pedag\u00f3gicos, garantindo o engajamento da comunidade.<\/p>\n\n\n\n<p><strong>Entre as a\u00e7\u00f5es previstas, est\u00e3o rodas de conversa, atendimentos em grupo e apoio \u00e0 comunidade escolar em situa\u00e7\u00f5es de crise, al\u00e9m de temas como preven\u00e7\u00e3o ao uso de subst\u00e2ncias psicoativas, promo\u00e7\u00e3o de rela\u00e7\u00f5es saud\u00e1veis, equidade de g\u00eanero, diversidade e valoriza\u00e7\u00e3o da vida.<\/strong><\/p>\n\n\n\n<p>Com o<strong> PSME<\/strong>, a <strong>Secretaria de Educa\u00e7\u00e3o<\/strong> refor\u00e7a seu compromisso de construir escolas que sejam verdadeiros polos de cuidado e promo\u00e7\u00e3o do bem-estar emocional de seus estudantes.<\/p>\n","protected":false},"excerpt":{"rendered":"<p>Foto: Felipe de Noronha\/SEEDF A Secretaria de Educa\u00e7\u00e3o do Distrito Federal publicou ontem (9), a Portaria n\u00ba 754 que institui o &#8220;Programa de Sa\u00fade Mental dos Estudantes (PSME)&#8221;. A iniciativa tem como objetivo fortalecer a sa\u00fade mental de crian\u00e7as e jovens da rede p\u00fablica de ensino, promovendo um ambiente escolar mais acolhedor, inclusivo e saud\u00e1vel. [&hellip;]<\/p>\n","protected":false},"author":1441,"featured_media":13330,"comment_status":"open","ping_status":"open","sticky":false,"template":"","format":"standard","meta":{"_monsterinsights_skip_tracking":false,"_monsterinsights_sitenote_active":false,"_monsterinsights_sitenote_note":"","_monsterinsights_sitenote_category":0,"footnotes":""},"categories":[17,34],"tags":[5087],"class_list":["post-13329","post","type-post","status-publish","format-standard","has-post-thumbnail","hentry","category-bsb","category-destaque","tag-programadesaudemental"],"_links":{"self":[{"href":"https:\/\/cidadecult.com.br\/index.php?rest_route=\/wp\/v2\/posts\/13329","targetHints":{"allow":["GET"]}}],"collection":[{"href":"https:\/\/cidadecult.com.br\/index.php?rest_route=\/wp\/v2\/posts"}],"about":[{"href":"https:\/\/cidadecult.com.br\/index.php?rest_route=\/wp\/v2\/types\/post"}],"author":[{"embeddable":true,"href":"https:\/\/cidadecult.com.br\/index.php?rest_route=\/wp\/v2\/users\/1441"}],"replies":[{"embeddable":true,"href":"https:\/\/cidadecult.com.br\/index.php?rest_route=%2Fwp%2Fv2%2Fcomments&post=13329"}],"version-history":[{"count":1,"href":"https:\/\/cidadecult.com.br\/index.php?rest_route=\/wp\/v2\/posts\/13329\/revisions"}],"predecessor-version":[{"id":13331,"href":"https:\/\/cidadecult.com.br\/index.php?rest_route=\/wp\/v2\/posts\/13329\/revisions\/13331"}],"wp:featuredmedia":[{"embeddable":true,"href":"https:\/\/cidadecult.com.br\/index.php?rest_route=\/wp\/v2\/media\/13330"}],"wp:attachment":[{"href":"https:\/\/cidadecult.com.br\/index.php?rest_route=%2Fwp%2Fv2%2Fmedia&parent=13329"}],"wp:term":[{"taxonomy":"category","embeddable":true,"href":"https:\/\/cidadecult.com.br\/index.php?rest_route=%2Fwp%2Fv2%2Fcategories&post=13329"},{"taxonomy":"post_tag","embeddable":true,"href":"https:\/\/cidadecult.com.br\/index.php?rest_route=%2Fwp%2Fv2%2Ftags&post=13329"}],"curies":[{"name":"wp","href":"https:\/\/api.w.org\/{rel}","templated":true}]}}