{"id":1332,"date":"2023-10-14T19:15:39","date_gmt":"2023-10-14T22:15:39","guid":{"rendered":"https:\/\/cidadecult.com.br\/?p=1332"},"modified":"2023-10-14T19:15:42","modified_gmt":"2023-10-14T22:15:42","slug":"rio-de-janeiro-coroada-capital-mundial-do-livro-para-2025-pela-unesco","status":"publish","type":"post","link":"https:\/\/cidadecult.com.br\/?p=1332","title":{"rendered":"Rio de Janeiro Coroada Capital Mundial do Livro para 2025 pela Unesco"},"content":{"rendered":"\n<p>Em um an\u00fancio que reverberou na esfera cultural, a diretora-geral da Unesco, Audrey Azoulay, declarou o Rio de Janeiro como a Capital Mundial do Livro para o ano de 2025. Esta distin\u00e7\u00e3o \u00e9 um marco hist\u00f3rico, tornando o Rio a primeira cidade de l\u00edngua portuguesa a receber tal honra.<\/p>\n\n\n\n<p>Marcelo Calero, Secret\u00e1rio Municipal de Cultura, celebrou a decis\u00e3o, afirmando que a cidade tem uma &#8220;voca\u00e7\u00e3o hist\u00f3rica&#8221; para a cultura e a literatura. O t\u00edtulo \u00e9 fruto de uma s\u00e9rie de iniciativas propostas pela cidade, incluindo uma rede robusta de bibliotecas municipais e uma variedade de a\u00e7\u00f5es estrat\u00e9gicas destinadas a transformar o Rio em um epicentro liter\u00e1rio e cultural.<\/p>\n\n\n\n<p>O governo municipal tamb\u00e9m tem planos audaciosos para democratizar o acesso \u00e0 leitura, com um foco particular em engajar os jovens e incluir comunidades mais vulner\u00e1veis. A Unesco e o Comit\u00ea Consultivo da Capital Mundial do Livro valorizaram especialmente o plano de a\u00e7\u00e3o da cidade, que abrange estrat\u00e9gias para promover a literatura de forma sustent\u00e1vel, incentivar a leitura entre os jovens e integrar tecnologias digitais ao mundo dos livros.<\/p>\n\n\n\n<p>Este t\u00edtulo representa n\u00e3o apenas um triunfo para o Rio, mas tamb\u00e9m para todo o Brasil, e enfatiza o papel vital da literatura na forma\u00e7\u00e3o cultural e social da na\u00e7\u00e3o.<br><\/p>\n","protected":false},"excerpt":{"rendered":"<p>Em um an\u00fancio que reverberou na esfera cultural, a diretora-geral da Unesco, Audrey Azoulay, declarou o Rio de Janeiro como a Capital Mundial do Livro para o ano de 2025. Esta distin\u00e7\u00e3o \u00e9 um marco hist\u00f3rico, tornando o Rio a primeira cidade de l\u00edngua portuguesa a receber tal honra. Marcelo Calero, Secret\u00e1rio Municipal de Cultura, [&hellip;]<\/p>\n","protected":false},"author":1,"featured_media":1333,"comment_status":"open","ping_status":"open","sticky":false,"template":"","format":"standard","meta":{"_monsterinsights_skip_tracking":false,"_monsterinsights_sitenote_active":false,"_monsterinsights_sitenote_note":"","_monsterinsights_sitenote_category":0,"footnotes":""},"categories":[34,12],"tags":[],"class_list":["post-1332","post","type-post","status-publish","format-standard","has-post-thumbnail","hentry","category-destaque","category-travel"],"_links":{"self":[{"href":"https:\/\/cidadecult.com.br\/index.php?rest_route=\/wp\/v2\/posts\/1332","targetHints":{"allow":["GET"]}}],"collection":[{"href":"https:\/\/cidadecult.com.br\/index.php?rest_route=\/wp\/v2\/posts"}],"about":[{"href":"https:\/\/cidadecult.com.br\/index.php?rest_route=\/wp\/v2\/types\/post"}],"author":[{"embeddable":true,"href":"https:\/\/cidadecult.com.br\/index.php?rest_route=\/wp\/v2\/users\/1"}],"replies":[{"embeddable":true,"href":"https:\/\/cidadecult.com.br\/index.php?rest_route=%2Fwp%2Fv2%2Fcomments&post=1332"}],"version-history":[{"count":1,"href":"https:\/\/cidadecult.com.br\/index.php?rest_route=\/wp\/v2\/posts\/1332\/revisions"}],"predecessor-version":[{"id":1334,"href":"https:\/\/cidadecult.com.br\/index.php?rest_route=\/wp\/v2\/posts\/1332\/revisions\/1334"}],"wp:featuredmedia":[{"embeddable":true,"href":"https:\/\/cidadecult.com.br\/index.php?rest_route=\/wp\/v2\/media\/1333"}],"wp:attachment":[{"href":"https:\/\/cidadecult.com.br\/index.php?rest_route=%2Fwp%2Fv2%2Fmedia&parent=1332"}],"wp:term":[{"taxonomy":"category","embeddable":true,"href":"https:\/\/cidadecult.com.br\/index.php?rest_route=%2Fwp%2Fv2%2Fcategories&post=1332"},{"taxonomy":"post_tag","embeddable":true,"href":"https:\/\/cidadecult.com.br\/index.php?rest_route=%2Fwp%2Fv2%2Ftags&post=1332"}],"curies":[{"name":"wp","href":"https:\/\/api.w.org\/{rel}","templated":true}]}}