{"id":13318,"date":"2025-07-10T11:36:11","date_gmt":"2025-07-10T14:36:11","guid":{"rendered":"https:\/\/cidadecult.com.br\/?p=13318"},"modified":"2025-07-10T11:36:13","modified_gmt":"2025-07-10T14:36:13","slug":"um-novo-olhar-vigilante-recupera-visao-gracas-a-cirurgia-no-hospital-de-base","status":"publish","type":"post","link":"https:\/\/cidadecult.com.br\/?p=13318","title":{"rendered":"Um novo olhar: vigilante recupera vis\u00e3o gra\u00e7as a cirurgia no Hospital de Base"},"content":{"rendered":"\n<p><em>Foto: Alberto Ruy\/IgesDF<\/em><\/p>\n\n\n\n<p>No<strong> &#8220;Dia da sa\u00fade ocular&#8221;<\/strong> a hist\u00f3ria de<strong> Edivan Barbosa Gonzaga<\/strong>, de <strong>57 anos,<\/strong> ganha<strong> destaque<\/strong> como <strong>s\u00edmbolo de esperan\u00e7a, acesso e supera\u00e7\u00e3o. Funcion\u00e1rio do Metr\u00f4 de Bras\u00edlia, ele teve 90% da vis\u00e3o restaurada ap\u00f3s uma cirurgia complexa realizada pelo Hospital de Base do Distrito Federal (HBDF), refer\u00eancia em oftalmologia p\u00fablica na capital.<\/strong><\/p>\n\n\n\n<p><strong>Antes do procedimento, Edivan vivia com a vis\u00e3o quase totalmente comprometida.<\/strong> <strong><em>\u201cJ\u00e1 tinham me dito que n\u00e3o tinha mais jeito, que eu ia perder a vis\u00e3o\u201d,<\/em><\/strong> relembra. Consultas particulares indicavam<strong> uma cirurgia de mais de R$ 40 mil<\/strong>, <strong>algo fora da realidade do vigilante<\/strong>. Foi no <strong>atendimento p\u00fablico <\/strong>que ele encontrou <strong>um novo caminho.<\/strong><\/p>\n\n\n\n<p><strong>Diagnosticado com doen\u00e7a ocular tireoidiana, que provoca inflama\u00e7\u00e3o e compress\u00e3o do nervo \u00f3ptico, Edivan passou por uma cirurgia de descompress\u00e3o orbit\u00e1ria sob os cuidados da oftalmologista Stef\u00e2nia Diniz, especialista em cirurgia pl\u00e1stica ocular do Iges-DF. <\/strong>O <strong>sucesso do procedimento<\/strong> devolveu n\u00e3o apenas a vis\u00e3o, mas tamb\u00e9m a autonomia e a alegria de viver.<\/p>\n\n\n\n<p><strong><em>\u201cHoje vejo o rosto das pessoas, o meu no espelho\u2026 isso \u00e9 liberdade\u201d,<\/em><\/strong> conta.<em> \u201cA gente corre atr\u00e1s de tudo, <strong>mas quando perde a sa\u00fade percebe o que realmente importa.<\/strong>\u201d<\/em><\/p>\n\n\n\n<p>A m\u00e9dica respons\u00e1vel alerta que<strong> muitos problemas oculares s\u00e3o silenciosos<\/strong> e que <strong>o diagn\u00f3stico precoce \u00e9 fundamental. <\/strong>A<strong> primeira avalia\u00e7\u00e3o<\/strong> oftalmol\u00f3gica <strong>deve ser feita ainda na inf\u00e2ncia<\/strong>, e <strong>sintomas <\/strong>como <strong>vermelhid\u00e3o, dor ou vis\u00e3o turva n\u00e3o devem ser ignorados.<\/strong> <strong>Pacientes com doen\u00e7as cr\u00f4nicas, como diabetes e hipertens\u00e3o, tamb\u00e9m devem manter o acompanhamento oftalmol\u00f3gico regular.<\/strong><\/p>\n\n\n\n<p>Casos como o de Edivan refor\u00e7am o valor de um sistema p\u00fablico forte, acess\u00edvel e comprometido com a vida. <em>\u201cVer um paciente reencontrar a pr\u00f3pria independ\u00eancia \u00e9 a maior recompensa\u201d<\/em>, destaca Stef\u00e2nia.<\/p>\n","protected":false},"excerpt":{"rendered":"<p>Foto: Alberto Ruy\/IgesDF No &#8220;Dia da sa\u00fade ocular&#8221; a hist\u00f3ria de Edivan Barbosa Gonzaga, de 57 anos, ganha destaque como s\u00edmbolo de esperan\u00e7a, acesso e supera\u00e7\u00e3o. Funcion\u00e1rio do Metr\u00f4 de Bras\u00edlia, ele teve 90% da vis\u00e3o restaurada ap\u00f3s uma cirurgia complexa realizada pelo Hospital de Base do Distrito Federal (HBDF), refer\u00eancia em oftalmologia p\u00fablica na [&hellip;]<\/p>\n","protected":false},"author":1441,"featured_media":13319,"comment_status":"open","ping_status":"open","sticky":false,"template":"","format":"standard","meta":{"_monsterinsights_skip_tracking":false,"_monsterinsights_sitenote_active":false,"_monsterinsights_sitenote_note":"","_monsterinsights_sitenote_category":0,"footnotes":""},"categories":[41,17,34,8,11],"tags":[5083,5082],"class_list":["post-13318","post","type-post","status-publish","format-standard","has-post-thumbnail","hentry","category-agenda","category-bsb","category-destaque","category-lifestyle","category-health","tag-diadasaudeocular","tag-umnovoolhar"],"_links":{"self":[{"href":"https:\/\/cidadecult.com.br\/index.php?rest_route=\/wp\/v2\/posts\/13318","targetHints":{"allow":["GET"]}}],"collection":[{"href":"https:\/\/cidadecult.com.br\/index.php?rest_route=\/wp\/v2\/posts"}],"about":[{"href":"https:\/\/cidadecult.com.br\/index.php?rest_route=\/wp\/v2\/types\/post"}],"author":[{"embeddable":true,"href":"https:\/\/cidadecult.com.br\/index.php?rest_route=\/wp\/v2\/users\/1441"}],"replies":[{"embeddable":true,"href":"https:\/\/cidadecult.com.br\/index.php?rest_route=%2Fwp%2Fv2%2Fcomments&post=13318"}],"version-history":[{"count":1,"href":"https:\/\/cidadecult.com.br\/index.php?rest_route=\/wp\/v2\/posts\/13318\/revisions"}],"predecessor-version":[{"id":13320,"href":"https:\/\/cidadecult.com.br\/index.php?rest_route=\/wp\/v2\/posts\/13318\/revisions\/13320"}],"wp:featuredmedia":[{"embeddable":true,"href":"https:\/\/cidadecult.com.br\/index.php?rest_route=\/wp\/v2\/media\/13319"}],"wp:attachment":[{"href":"https:\/\/cidadecult.com.br\/index.php?rest_route=%2Fwp%2Fv2%2Fmedia&parent=13318"}],"wp:term":[{"taxonomy":"category","embeddable":true,"href":"https:\/\/cidadecult.com.br\/index.php?rest_route=%2Fwp%2Fv2%2Fcategories&post=13318"},{"taxonomy":"post_tag","embeddable":true,"href":"https:\/\/cidadecult.com.br\/index.php?rest_route=%2Fwp%2Fv2%2Ftags&post=13318"}],"curies":[{"name":"wp","href":"https:\/\/api.w.org\/{rel}","templated":true}]}}