{"id":13284,"date":"2025-07-09T11:19:57","date_gmt":"2025-07-09T14:19:57","guid":{"rendered":"https:\/\/cidadecult.com.br\/?p=13284"},"modified":"2025-07-09T11:20:47","modified_gmt":"2025-07-09T14:20:47","slug":"campanha-agasalho-solidario-2025-ja-arrecadou-10-mil-itens-e-segue-beneficiando-comunidades-do-df","status":"publish","type":"post","link":"https:\/\/cidadecult.com.br\/?p=13284","title":{"rendered":"Campanha Agasalho solid\u00e1rio 2025 j\u00e1 arrecadou 10 mil itens e segue beneficiando comunidades do DF!"},"content":{"rendered":"\n<p><em>Foto: Geovana Albuquerque<\/em><\/p>\n\n\n\n<p>A &#8220;<strong>Campanha agasalho solid\u00e1rio 2025<\/strong>&#8221; alcan\u00e7ou uma marca significativa: <strong>cerca de 10 mil itens arrecadados desde o in\u00edcio <\/strong>da a\u00e7\u00e3o, em <strong>8 de maio<\/strong>. <strong>A iniciativa, idealizada pela primeira-dama do Distrito Federal, Mayara Noronha Rocha, e coordenada pela Chefia-Executiva de Pol\u00edticas Sociais, tem como foco atender fam\u00edlias em situa\u00e7\u00e3o de vulnerabilidade durante o per\u00edodo de frio.<\/strong><\/p>\n\n\n\n<p><strong>Ontem (8), foram entregues 150 kits com roupas e cobertores para crian\u00e7as e idosos atendidos por institui\u00e7\u00f5es nos bairros Santa Luzia, na Estrutural, e no Park Way.<\/strong> As entregas inclu\u00edram mantas, moletons, cal\u00e7as e outros itens de inverno em boas condi\u00e7\u00f5es de uso.<\/p>\n\n\n\n<p>As <strong>creches &#8220;Guerreiros da alegria&#8221;<\/strong> e <strong>&#8220;S\u00e3o Francisco&#8221;, <\/strong>que atuam com<strong> crian\u00e7as em situa\u00e7\u00e3o de vulnerabilidade social,<\/strong> foram algumas das institui\u00e7\u00f5es beneficiadas.<em> \u201cCada coisa que eles ganham representa muito. <strong>Qualquer ajuda faz diferen\u00e7a\u201d,<\/strong><\/em> disse <strong>Carm\u00e9lia Teixeira, coordenadora da creche &#8220;Guerreiros da alegria&#8221;, que atende 60 crian\u00e7as no contraturno escolar.<\/strong><\/p>\n\n\n\n<p><strong>A campanha segue com pontos de coleta espalhados por locais estrat\u00e9gicos,<\/strong> como o <strong>Pal\u00e1cio do Buriti, secretarias, administra\u00e7\u00f5es regionais e \u00f3rg\u00e3os p\u00fablicos. Est\u00e3o sendo aceitas pe\u00e7as de vestu\u00e1rio adulto e infantil, toucas, meias, luvas, cal\u00e7ados e cobertores, desde que em bom estado.<\/strong><\/p>\n\n\n\n<p>As doa\u00e7\u00f5es podem ser feitas <strong>at\u00e9 17 de julho.<\/strong> <strong>Mais informa\u00e7\u00f5es <\/strong>est\u00e3o dispon\u00edveis nas<a href=\"https:\/\/www.instagram.com\/chefiagdf\/\"> <\/a><strong><a href=\"https:\/\/www.instagram.com\/chefiagdf\/\">redes sociais da Chefia-Executiva de Pol\u00edticas Sociais<\/a> <\/strong>ou pelo <strong>WhatsApp: (61) 99195-4079<\/strong>.<\/p>\n\n\n\n<p><strong>Solidariedade que aquece<\/strong>: participe e ajude a transformar o inverno de quem mais precisa!.<\/p>\n","protected":false},"excerpt":{"rendered":"<p>Foto: Geovana Albuquerque A &#8220;Campanha agasalho solid\u00e1rio 2025&#8221; alcan\u00e7ou uma marca significativa: cerca de 10 mil itens arrecadados desde o in\u00edcio da a\u00e7\u00e3o, em 8 de maio. A iniciativa, idealizada pela primeira-dama do Distrito Federal, Mayara Noronha Rocha, e coordenada pela Chefia-Executiva de Pol\u00edticas Sociais, tem como foco atender fam\u00edlias em situa\u00e7\u00e3o de vulnerabilidade durante [&hellip;]<\/p>\n","protected":false},"author":1441,"featured_media":13285,"comment_status":"open","ping_status":"open","sticky":false,"template":"","format":"standard","meta":{"_monsterinsights_skip_tracking":false,"_monsterinsights_sitenote_active":false,"_monsterinsights_sitenote_note":"","_monsterinsights_sitenote_category":0,"footnotes":""},"categories":[41,17,34,3,2553],"tags":[5069,403,491],"class_list":["post-13284","post","type-post","status-publish","format-standard","has-post-thumbnail","hentry","category-agenda","category-bsb","category-destaque","category-entertainment","category-oportunidade","tag-camapanhaagasalhosolidario25","tag-cidadecult-2","tag-df-2"],"_links":{"self":[{"href":"https:\/\/cidadecult.com.br\/index.php?rest_route=\/wp\/v2\/posts\/13284","targetHints":{"allow":["GET"]}}],"collection":[{"href":"https:\/\/cidadecult.com.br\/index.php?rest_route=\/wp\/v2\/posts"}],"about":[{"href":"https:\/\/cidadecult.com.br\/index.php?rest_route=\/wp\/v2\/types\/post"}],"author":[{"embeddable":true,"href":"https:\/\/cidadecult.com.br\/index.php?rest_route=\/wp\/v2\/users\/1441"}],"replies":[{"embeddable":true,"href":"https:\/\/cidadecult.com.br\/index.php?rest_route=%2Fwp%2Fv2%2Fcomments&post=13284"}],"version-history":[{"count":1,"href":"https:\/\/cidadecult.com.br\/index.php?rest_route=\/wp\/v2\/posts\/13284\/revisions"}],"predecessor-version":[{"id":13286,"href":"https:\/\/cidadecult.com.br\/index.php?rest_route=\/wp\/v2\/posts\/13284\/revisions\/13286"}],"wp:featuredmedia":[{"embeddable":true,"href":"https:\/\/cidadecult.com.br\/index.php?rest_route=\/wp\/v2\/media\/13285"}],"wp:attachment":[{"href":"https:\/\/cidadecult.com.br\/index.php?rest_route=%2Fwp%2Fv2%2Fmedia&parent=13284"}],"wp:term":[{"taxonomy":"category","embeddable":true,"href":"https:\/\/cidadecult.com.br\/index.php?rest_route=%2Fwp%2Fv2%2Fcategories&post=13284"},{"taxonomy":"post_tag","embeddable":true,"href":"https:\/\/cidadecult.com.br\/index.php?rest_route=%2Fwp%2Fv2%2Ftags&post=13284"}],"curies":[{"name":"wp","href":"https:\/\/api.w.org\/{rel}","templated":true}]}}