{"id":13270,"date":"2025-07-08T11:25:06","date_gmt":"2025-07-08T14:25:06","guid":{"rendered":"https:\/\/cidadecult.com.br\/?p=13270"},"modified":"2025-07-08T11:25:09","modified_gmt":"2025-07-08T14:25:09","slug":"alergia-entenda-os-riscos-e-como-viver-melhor-com-o-diagnostico","status":"publish","type":"post","link":"https:\/\/cidadecult.com.br\/?p=13270","title":{"rendered":"Alergia: entenda os riscos e como viver melhor com o diagn\u00f3stico!"},"content":{"rendered":"\n<p><em>\u00a0Foto: Divulga\u00e7\u00e3o\/IgesDF<\/em><\/p>\n\n\n\n<p><strong>No Dia Mundial da Alergia, especialistas refor\u00e7am a import\u00e2ncia do diagn\u00f3stico precoce e dos cuidados para evitar crises graves<\/strong><\/p>\n\n\n\n<p>Espirros frequentes, olhos irritados, coceiras na pele ou dificuldades para respirar. Esses sintomas, muitas vezes ignorados, podem indicar algo mais s\u00e9rio: uma rea\u00e7\u00e3o al\u00e9rgica. <strong>Hoje (8)<\/strong>, o <strong>Dia Mundial da Alergia <\/strong>chama aten\u00e7\u00e3o para o aumento de casos no Brasil e no mundo, e para <strong>a import\u00e2ncia de levar esses sinais a s\u00e9rio.<\/strong><\/p>\n\n\n\n<p>De acordo com a <strong>Organiza\u00e7\u00e3o Mundial da Sa\u00fade (OMS)<\/strong>, <strong>cerca de 35% da popula\u00e7\u00e3o mundial sofre com algum tipo de alergia, e esse n\u00famero pode chegar \u00e0 metade da popula\u00e7\u00e3o global at\u00e9 2050. <\/strong>No <strong>Brasil,<\/strong> as<strong> alergias respirat\u00f3rias <\/strong>e <strong>alimentares<\/strong> est\u00e3o<strong> entre as mais comuns,<\/strong> mas h\u00e1 tamb\u00e9m rea\u00e7\u00f5es provocadas por medicamentos, cosm\u00e9ticos, metais e outras subst\u00e2ncias.<\/p>\n\n\n\n<h3 class=\"wp-block-heading\">Um problema crescente em cidades como Bras\u00edlia!<\/h3>\n\n\n\n<p><strong>O clima seco, a polui\u00e7\u00e3o e o ac\u00famulo de poeira s\u00e3o fatores que agravam os quadros al\u00e9rgicos, especialmente durante o outono e o inverno<\/strong>.<em> \u201cAmbientes urbanos e com baixa umidade, como os do DF, favorecem crises respirat\u00f3rias e dermatol\u00f3gicas\u201d<\/em>, explica o alergologista V\u00edtor Pinheiro, do Instituto de Gest\u00e3o Estrat\u00e9gica de Sa\u00fade do Distrito Federal (IgesDF).<\/p>\n\n\n\n<p>Segundo o m\u00e9dico, alergia \u00e9 uma resposta exagerada do sistema imunol\u00f3gico a subst\u00e2ncias inofensivas, conhecidas como al\u00e9rgenos. Os principais causadores de rea\u00e7\u00f5es incluem \u00e1caros, pelos de animais, p\u00f3len, leite, ovos, trigo, crust\u00e1ceos e castanhas.<\/p>\n\n\n\n<h3 class=\"wp-block-heading\">Sinais que merecem aten\u00e7\u00e3o!<\/h3>\n\n\n\n<p>Coceiras, manchas, incha\u00e7os, inflama\u00e7\u00f5es e at\u00e9 falta de ar s\u00e3o manifesta\u00e7\u00f5es que exigem acompanhamento. Doen\u00e7as como rinite, asma, dermatite at\u00f3pica e esofagite al\u00e9rgica impactam diretamente a qualidade de vida e podem evoluir se n\u00e3o forem tratadas corretamente.<\/p>\n\n\n\n<p>Por isso, diante de sintomas recorrentes, a recomenda\u00e7\u00e3o \u00e9 procurar atendimento m\u00e9dico. Ap\u00f3s avalia\u00e7\u00e3o, o paciente pode ser encaminhado para acompanhamento com especialistas como alergologistas, pneumologistas ou dermatologistas.<\/p>\n\n\n\n<h3 class=\"wp-block-heading\">Atendimento gratuito e transformador!<\/h3>\n\n\n\n<p>A aposentada Eunice Maria da Marta, de 69 anos, enfrentou por muitos anos crises de tosse, sinusite e falta de ar. Moradora da divisa entre a Bahia e Goi\u00e1s, ela s\u00f3 encontrou al\u00edvio ap\u00f3s iniciar tratamento no Hospital de Base do DF. \u201cComecei com vacinas e rem\u00e9dios antial\u00e9rgicos. Foi um processo transformador\u201d, conta.<\/p>\n\n\n\n<p>Atualmente, Eunice segue sob acompanhamento regular com o Dr. V\u00edtor Pinheiro e n\u00e3o teve mais crises. O caso dela refor\u00e7a a import\u00e2ncia da rede p\u00fablica especializada e do acesso cont\u00ednuo ao tratamento.<\/p>\n\n\n\n<h3 class=\"wp-block-heading\">Cuidados pr\u00e1ticos que ajudam!<\/h3>\n\n\n\n<p>Durante o inverno, cresce o n\u00famero de atendimentos por crises al\u00e9rgicas. O ar seco, os ambientes fechados e a exposi\u00e7\u00e3o ao mofo e \u00e0 poeira s\u00e3o gatilhos frequentes. Para evit\u00e1-los, \u00e9 essencial manter os espa\u00e7os ventilados, limpar filtros de ar e evitar objetos que acumulam poeira.<\/p>\n\n\n\n<p>Al\u00e9m dos medicamentos, a <strong>conscientiza\u00e7\u00e3o \u00e9 uma parte essencial do tratamento<\/strong>. \u201cMuitas pessoas ainda subestimam as alergias, mas elas podem ser graves se n\u00e3o forem bem controladas\u201d, alerta o m\u00e9dico.<\/p>\n\n\n\n<h3 class=\"wp-block-heading\">Controle \u00e9 poss\u00edvel e necess\u00e1rio!<\/h3>\n\n\n\n<p>O tratamento adequado come\u00e7a pela identifica\u00e7\u00e3o do al\u00e9rgeno e pelo afastamento da subst\u00e2ncia. Em muitos casos, isso j\u00e1 melhora os sintomas. Antial\u00e9rgicos, corticoides e imunoterapia s\u00e3o ferramentas importantes no controle da doen\u00e7a.<\/p>\n\n\n\n<p>Mesmo sem cura definitiva, viver bem com alergia \u00e9 totalmente poss\u00edvel com informa\u00e7\u00e3o, acompanhamento e aten\u00e7\u00e3o ao ambiente.<\/p>\n","protected":false},"excerpt":{"rendered":"<p>\u00a0Foto: Divulga\u00e7\u00e3o\/IgesDF No Dia Mundial da Alergia, especialistas refor\u00e7am a import\u00e2ncia do diagn\u00f3stico precoce e dos cuidados para evitar crises graves Espirros frequentes, olhos irritados, coceiras na pele ou dificuldades para respirar. Esses sintomas, muitas vezes ignorados, podem indicar algo mais s\u00e9rio: uma rea\u00e7\u00e3o al\u00e9rgica. Hoje (8), o Dia Mundial da Alergia chama aten\u00e7\u00e3o para [&hellip;]<\/p>\n","protected":false},"author":1441,"featured_media":13271,"comment_status":"open","ping_status":"open","sticky":false,"template":"","format":"standard","meta":{"_monsterinsights_skip_tracking":false,"_monsterinsights_sitenote_active":false,"_monsterinsights_sitenote_note":"","_monsterinsights_sitenote_category":0,"footnotes":""},"categories":[41,17,34,43,11],"tags":[419,403,5065],"class_list":["post-13270","post","type-post","status-publish","format-standard","has-post-thumbnail","hentry","category-agenda","category-bsb","category-destaque","category-releases","category-health","tag-brasiliadf-2","tag-cidadecult-2","tag-diagnostico"],"_links":{"self":[{"href":"https:\/\/cidadecult.com.br\/index.php?rest_route=\/wp\/v2\/posts\/13270","targetHints":{"allow":["GET"]}}],"collection":[{"href":"https:\/\/cidadecult.com.br\/index.php?rest_route=\/wp\/v2\/posts"}],"about":[{"href":"https:\/\/cidadecult.com.br\/index.php?rest_route=\/wp\/v2\/types\/post"}],"author":[{"embeddable":true,"href":"https:\/\/cidadecult.com.br\/index.php?rest_route=\/wp\/v2\/users\/1441"}],"replies":[{"embeddable":true,"href":"https:\/\/cidadecult.com.br\/index.php?rest_route=%2Fwp%2Fv2%2Fcomments&post=13270"}],"version-history":[{"count":1,"href":"https:\/\/cidadecult.com.br\/index.php?rest_route=\/wp\/v2\/posts\/13270\/revisions"}],"predecessor-version":[{"id":13272,"href":"https:\/\/cidadecult.com.br\/index.php?rest_route=\/wp\/v2\/posts\/13270\/revisions\/13272"}],"wp:featuredmedia":[{"embeddable":true,"href":"https:\/\/cidadecult.com.br\/index.php?rest_route=\/wp\/v2\/media\/13271"}],"wp:attachment":[{"href":"https:\/\/cidadecult.com.br\/index.php?rest_route=%2Fwp%2Fv2%2Fmedia&parent=13270"}],"wp:term":[{"taxonomy":"category","embeddable":true,"href":"https:\/\/cidadecult.com.br\/index.php?rest_route=%2Fwp%2Fv2%2Fcategories&post=13270"},{"taxonomy":"post_tag","embeddable":true,"href":"https:\/\/cidadecult.com.br\/index.php?rest_route=%2Fwp%2Fv2%2Ftags&post=13270"}],"curies":[{"name":"wp","href":"https:\/\/api.w.org\/{rel}","templated":true}]}}