{"id":13186,"date":"2025-07-02T12:08:20","date_gmt":"2025-07-02T15:08:20","guid":{"rendered":"https:\/\/cidadecult.com.br\/?p=13186"},"modified":"2025-07-02T12:08:23","modified_gmt":"2025-07-02T15:08:23","slug":"brasil-confirmado-nos-jogos-mundiais-universitarios-2025-com-mais-de-200-atletas","status":"publish","type":"post","link":"https:\/\/cidadecult.com.br\/?p=13186","title":{"rendered":"Brasil confirmado nos Jogos Mundiais Universit\u00e1rios 2025 com mais de 200 atletas!"},"content":{"rendered":"\n<p><em>Foto: C\u00e9lio J\u00fanior\/CBDU<\/em><\/p>\n\n\n\n<p>A <strong>Confedera\u00e7\u00e3o Brasileira do Desporto Universit\u00e1rio (CBDU)<\/strong> anunciou os nomes que v\u00e3o compor a delega\u00e7\u00e3o brasileira nos <strong>Jogos Mundiais Universit\u00e1rios 2025<\/strong>, que acontecem de <strong>16 a 27 de julho<\/strong>, na regi\u00e3o do <strong>Reno-Ruhr, na Alemanha<\/strong>. O Brasil ser\u00e1 representado por <strong>mais de 200 estudantes-atletas<\/strong> de alto rendimento, em um evento que reunir\u00e1 <strong>mais de 8.500 participantes de 150 pa\u00edses<\/strong>.<\/p>\n\n\n\n<p>Ser\u00e3o <strong>13 modalidades ol\u00edmpicas e paral\u00edmpicas<\/strong>, incluindo <strong>atletismo, basquete, gin\u00e1stica art\u00edstica, v\u00f4lei de praia, jud\u00f4, nata\u00e7\u00e3o, t\u00eanis, taekwondo e basquete 3&#215;3<\/strong> em <strong>cadeira de rodas<\/strong>. As competi\u00e7\u00f5es acontecer\u00e3o nas cidades de <strong>Bochum, Essen, Duisburg, M\u00fclheim an der Ruhr, Hagen<\/strong> e <strong>Berlim<\/strong>.<\/p>\n\n\n\n<p>Al\u00e9m dos atletas, a delega\u00e7\u00e3o conta com profissionais t\u00e9cnicos de diversas regi\u00f5es do pa\u00eds. A iniciativa destaca o compromisso com a forma\u00e7\u00e3o esportiva no ambiente acad\u00eamico.<\/p>\n\n\n\n<p>Segundo o <strong>presidente da CBDU<\/strong>, <strong>Alim Maluf Neto<\/strong>, a meta \u00e9 clara: oferecer condi\u00e7\u00f5es para que os atletas entreguem seu melhor desempenho.<\/p>\n\n\n\n<blockquote class=\"wp-block-quote is-layout-flow wp-block-quote-is-layout-flow\">\n<p>\u201cEstamos trabalhando duro para garantir a melhor estrutura e apoiar nossos atletas em busca de grandes resultados\u201d, afirmou.<\/p>\n<\/blockquote>\n\n\n\n<p>A lista completa dos convocados est\u00e1 dispon\u00edvel no <a href=\"https:\/\/cbdu-ayd6cjcag4csarck.z02.azurefd.net\/site\/file\/transparency\/document\/note\/Nota_Oficial_N_016_2025_-_Atletas_e_oficiais_tecnicos_convocados_ao_Time_UBrasil_-_FISU_World_Unive.pdf\"><strong>site da CBDU.<\/strong><\/a><\/p>\n","protected":false},"excerpt":{"rendered":"<p>Foto: C\u00e9lio J\u00fanior\/CBDU A Confedera\u00e7\u00e3o Brasileira do Desporto Universit\u00e1rio (CBDU) anunciou os nomes que v\u00e3o compor a delega\u00e7\u00e3o brasileira nos Jogos Mundiais Universit\u00e1rios 2025, que acontecem de 16 a 27 de julho, na regi\u00e3o do Reno-Ruhr, na Alemanha. O Brasil ser\u00e1 representado por mais de 200 estudantes-atletas de alto rendimento, em um evento que reunir\u00e1 [&hellip;]<\/p>\n","protected":false},"author":1441,"featured_media":13187,"comment_status":"open","ping_status":"open","sticky":false,"template":"","format":"standard","meta":{"_monsterinsights_skip_tracking":false,"_monsterinsights_sitenote_active":false,"_monsterinsights_sitenote_note":"","_monsterinsights_sitenote_category":0,"footnotes":""},"categories":[54],"tags":[439,403,423,5020],"class_list":["post-13186","post","type-post","status-publish","format-standard","has-post-thumbnail","hentry","category-brasil","tag-brasil-2","tag-cidadecult-2","tag-cidadecultpordentro-2","tag-jogosmundiaisuniversitarios25"],"_links":{"self":[{"href":"https:\/\/cidadecult.com.br\/index.php?rest_route=\/wp\/v2\/posts\/13186","targetHints":{"allow":["GET"]}}],"collection":[{"href":"https:\/\/cidadecult.com.br\/index.php?rest_route=\/wp\/v2\/posts"}],"about":[{"href":"https:\/\/cidadecult.com.br\/index.php?rest_route=\/wp\/v2\/types\/post"}],"author":[{"embeddable":true,"href":"https:\/\/cidadecult.com.br\/index.php?rest_route=\/wp\/v2\/users\/1441"}],"replies":[{"embeddable":true,"href":"https:\/\/cidadecult.com.br\/index.php?rest_route=%2Fwp%2Fv2%2Fcomments&post=13186"}],"version-history":[{"count":1,"href":"https:\/\/cidadecult.com.br\/index.php?rest_route=\/wp\/v2\/posts\/13186\/revisions"}],"predecessor-version":[{"id":13188,"href":"https:\/\/cidadecult.com.br\/index.php?rest_route=\/wp\/v2\/posts\/13186\/revisions\/13188"}],"wp:featuredmedia":[{"embeddable":true,"href":"https:\/\/cidadecult.com.br\/index.php?rest_route=\/wp\/v2\/media\/13187"}],"wp:attachment":[{"href":"https:\/\/cidadecult.com.br\/index.php?rest_route=%2Fwp%2Fv2%2Fmedia&parent=13186"}],"wp:term":[{"taxonomy":"category","embeddable":true,"href":"https:\/\/cidadecult.com.br\/index.php?rest_route=%2Fwp%2Fv2%2Fcategories&post=13186"},{"taxonomy":"post_tag","embeddable":true,"href":"https:\/\/cidadecult.com.br\/index.php?rest_route=%2Fwp%2Fv2%2Ftags&post=13186"}],"curies":[{"name":"wp","href":"https:\/\/api.w.org\/{rel}","templated":true}]}}