{"id":13081,"date":"2025-06-25T10:37:42","date_gmt":"2025-06-25T13:37:42","guid":{"rendered":"https:\/\/cidadecult.com.br\/?p=13081"},"modified":"2025-06-25T10:40:26","modified_gmt":"2025-06-25T13:40:26","slug":"mais-de-r-1-milhao-em-investimento-leva-musica-e-cidadania-a-jovens-da-estrutural","status":"publish","type":"post","link":"https:\/\/cidadecult.com.br\/?p=13081","title":{"rendered":"Mais de R$ 1 milh\u00e3o em investimento leva m\u00fasica e cidadania a jovens da Estrutural"},"content":{"rendered":"\n<p><em>\u00a0Foto: Jhonatan Vieira\/Sejus-DF<\/em><\/p>\n\n\n\n<p>Um<strong> projeto <\/strong>que une<strong> educa\u00e7\u00e3o musical, inclus\u00e3o social e apoio psicol\u00f3gico<\/strong> est\u00e1 impactando a vida de <strong>200 crian\u00e7as e adolescentes da Cidade Estrutural<\/strong>. Trata-se do &#8220;<strong>Em-canto &amp; em-cordas<\/strong>&#8220;, iniciativa realizada com recursos do<strong> Fundo dos Direitos da Crian\u00e7a e do Adolescente do DF<\/strong> e investimento superior a <strong>R$ 1 milh\u00e3o<\/strong>.<\/p>\n\n\n\n<p>Voltado <strong>para jovens entre 7 e 17 anos<\/strong>, <strong>o projeto oferece aulas de canto coral, viol\u00e3o, violoncelo, flauta e musicaliza\u00e7\u00e3o infantil, al\u00e9m de cursos de inform\u00e1tica e cidadania.<\/strong> A proposta \u00e9 desenvolvida por meio da parceria entre a <strong>Secretaria de Justi\u00e7a e Cidadania (Sejus-DF)<\/strong>, o <strong>Conselho dos Direitos da Crian\u00e7a e do Adolescente (CDCA\/DF)<\/strong> e o <strong>Instituto Reciclando Sons<\/strong>.<\/p>\n\n\n\n<p><strong>Mais do que aulas de m\u00fasica<\/strong>, o projeto se<strong> destaca <\/strong>pelo <strong>trabalho de acolhimento e fortalecimento familiar<\/strong>, com <strong>atendimento social e psicol\u00f3gico<\/strong> a crian\u00e7as e suas fam\u00edlias. <strong>Uma das prioridades \u00e9 a inclus\u00e3o<\/strong>: cerca de <strong>25% dos participantes<\/strong> <strong>t\u00eam transtorno do espectro autista (TEA) <\/strong>ou <strong>hiperatividade<\/strong>, e contam com <strong>acompanhamento adaptado<\/strong> \u00e0s suas necessidades.<\/p>\n\n\n\n<p>Segundo a secret\u00e1ria <strong>Marcela Passamani<\/strong>, o projeto representa o verdadeiro papel da pol\u00edtica p\u00fablica: <strong><em>\u201cgarantir acesso \u00e0 arte, dignidade e afeto onde \u00e9 mais necess\u00e1rio\u201d.<\/em><\/strong><\/p>\n\n\n\n<p>As hist\u00f3rias dos participantes refor\u00e7am esse impacto. O pequeno <strong>Yuri<\/strong>, de <strong>9 anos, <\/strong>se apaixonou pelo som do<strong> violino <\/strong>e hoje<strong> participa ativamente das oficinas<\/strong>. J\u00e1 <strong>Ester<\/strong>, de <strong>14 anos,<\/strong> encontrou no <strong>violoncelo<\/strong> e nas <strong>aulas de canto<\/strong> um <strong>caminho para superar o<em> bullying<\/em> e reconstruir sua autoestima.<\/strong><\/p>\n\n\n\n<p><strong>Com uma popula\u00e7\u00e3o majoritariamente jovem e marcada por desafios sociais,<\/strong> a Estrutural recebe no <em><strong>&#8220;Em-canto &amp; em-cordas&#8221;<\/strong><\/em> uma resposta concreta que <strong>vai al\u00e9m da m\u00fasica<\/strong>, \u00e9 cidadania, acolhimento e perspectiva de futuro.<\/p>\n","protected":false},"excerpt":{"rendered":"<p>\u00a0Foto: Jhonatan Vieira\/Sejus-DF Um projeto que une educa\u00e7\u00e3o musical, inclus\u00e3o social e apoio psicol\u00f3gico est\u00e1 impactando a vida de 200 crian\u00e7as e adolescentes da Cidade Estrutural. Trata-se do &#8220;Em-canto &amp; em-cordas&#8220;, iniciativa realizada com recursos do Fundo dos Direitos da Crian\u00e7a e do Adolescente do DF e investimento superior a R$ 1 milh\u00e3o. Voltado para [&hellip;]<\/p>\n","protected":false},"author":1441,"featured_media":13082,"comment_status":"open","ping_status":"open","sticky":false,"template":"","format":"standard","meta":{"_monsterinsights_skip_tracking":false,"_monsterinsights_sitenote_active":false,"_monsterinsights_sitenote_note":"","_monsterinsights_sitenote_category":0,"footnotes":""},"categories":[41,2569,17,34,290,3,6,43,11],"tags":[4981,4979],"class_list":["post-13081","post","type-post","status-publish","format-standard","has-post-thumbnail","hentry","category-agenda","category-arte","category-bsb","category-destaque","category-educacao","category-entertainment","category-music","category-releases","category-health","tag-apoiopsicologico","tag-educacaomusica"],"_links":{"self":[{"href":"https:\/\/cidadecult.com.br\/index.php?rest_route=\/wp\/v2\/posts\/13081","targetHints":{"allow":["GET"]}}],"collection":[{"href":"https:\/\/cidadecult.com.br\/index.php?rest_route=\/wp\/v2\/posts"}],"about":[{"href":"https:\/\/cidadecult.com.br\/index.php?rest_route=\/wp\/v2\/types\/post"}],"author":[{"embeddable":true,"href":"https:\/\/cidadecult.com.br\/index.php?rest_route=\/wp\/v2\/users\/1441"}],"replies":[{"embeddable":true,"href":"https:\/\/cidadecult.com.br\/index.php?rest_route=%2Fwp%2Fv2%2Fcomments&post=13081"}],"version-history":[{"count":1,"href":"https:\/\/cidadecult.com.br\/index.php?rest_route=\/wp\/v2\/posts\/13081\/revisions"}],"predecessor-version":[{"id":13083,"href":"https:\/\/cidadecult.com.br\/index.php?rest_route=\/wp\/v2\/posts\/13081\/revisions\/13083"}],"wp:featuredmedia":[{"embeddable":true,"href":"https:\/\/cidadecult.com.br\/index.php?rest_route=\/wp\/v2\/media\/13082"}],"wp:attachment":[{"href":"https:\/\/cidadecult.com.br\/index.php?rest_route=%2Fwp%2Fv2%2Fmedia&parent=13081"}],"wp:term":[{"taxonomy":"category","embeddable":true,"href":"https:\/\/cidadecult.com.br\/index.php?rest_route=%2Fwp%2Fv2%2Fcategories&post=13081"},{"taxonomy":"post_tag","embeddable":true,"href":"https:\/\/cidadecult.com.br\/index.php?rest_route=%2Fwp%2Fv2%2Ftags&post=13081"}],"curies":[{"name":"wp","href":"https:\/\/api.w.org\/{rel}","templated":true}]}}