{"id":12958,"date":"2025-06-16T11:47:23","date_gmt":"2025-06-16T14:47:23","guid":{"rendered":"https:\/\/cidadecult.com.br\/?p=12958"},"modified":"2025-06-16T11:47:25","modified_gmt":"2025-06-16T14:47:25","slug":"zenitha-musica-oito-indicacoes-no-premio-profissionais-da-musica-e-um-novo-olhar-para-a-cena-independente","status":"publish","type":"post","link":"https:\/\/cidadecult.com.br\/?p=12958","title":{"rendered":"Z\u00eanitha m\u00fasica: oito indica\u00e7\u00f5es no Pr\u00eamio Profissionais da M\u00fasica e um novo olhar para a cena independente!"},"content":{"rendered":"\n<p><em>Foto\/divulga\u00e7\u00e3o<\/em><\/p>\n\n\n\n<h3 class=\"wp-block-heading\">Selo musical aposta em conex\u00f5es reais, produ\u00e7\u00e3o artesanal e coletividade como caminhos para fortalecer a m\u00fasica brasileira fora dos padr\u00f5es da ind\u00fastria.<\/h3>\n\n\n\n<p>O selo <strong>Z\u00eanitha M\u00fasica<\/strong> chega \u00e0 oitava edi\u00e7\u00e3o do <strong>Pr\u00eamio Profissionais da M\u00fasica (PPM)<\/strong> com o reconhecimento de seu trabalho coletivo: s\u00e3o <strong>oito indica\u00e7\u00f5es<\/strong> na edi\u00e7\u00e3o de 2025, que acontece em Bras\u00edlia, de <strong>26 a 29 de junho<\/strong>. A cerim\u00f4nia de premia\u00e7\u00e3o ser\u00e1 realizada no <strong>Clube do Choro de Bras\u00edlia<\/strong>, \u00e0s 19h30, com entrada gratuita e programa\u00e7\u00e3o em v\u00e1rios pontos da cidade.<\/p>\n\n\n\n<p>Entre os indicados est\u00e3o nomes de destaque ligados ao selo, como <strong>Marianna Leporace<\/strong>, <strong>Leo de Freitas<\/strong> e <strong>Felipe Radicetti<\/strong>, al\u00e9m da pr\u00f3pria Z\u00eanitha M\u00fasica, concorrendo como selo musical. As categorias contemplam atua\u00e7\u00e3o em canto, arranjo, composi\u00e7\u00e3o, produ\u00e7\u00e3o musical, trilha sonora e programa audiovisual.<\/p>\n\n\n\n<blockquote class=\"wp-block-quote is-layout-flow wp-block-quote-is-layout-flow\">\n<p>\u201cNos deixa muito felizes sermos observados por nossos pares e por pessoas de relev\u00e2ncia no corpo de jurados desse pr\u00eamio t\u00e3o importante para a m\u00fasica independente\u201d, celebram Cacala Carvalho e Marianna Leporace, duas das fundadoras do selo.<\/p>\n<\/blockquote>\n\n\n\n<p>Criada em 2021, a Z\u00eanitha M\u00fasica \u00e9 fruto da experi\u00eancia de mais de 20 anos da <strong>Z\u00eanitha Produ\u00e7\u00f5es<\/strong>, e re\u00fane artistas que acreditam em um modelo de produ\u00e7\u00e3o cultural mais pr\u00f3ximo, humano e artesanal. Em vez de seguir os moldes da ind\u00fastria musical, o selo prop\u00f5e outra l\u00f3gica: a da <strong>cria\u00e7\u00e3o coletiva, da valoriza\u00e7\u00e3o do of\u00edcio musical e das conex\u00f5es reais<\/strong>.<\/p>\n\n\n\n<h3 class=\"wp-block-heading\">Um coletivo que aposta no afeto e na \u00e9tica: <\/h3>\n\n\n\n<p>O grupo de artistas da Z\u00eanitha inclui nomes como <strong>Alcides Sodr\u00e9, Celia Vaz, Ju Cassou, Canequinha, Fernando Leporace<\/strong> e <strong>Marcello Ribeiro<\/strong>, al\u00e9m dos pr\u00f3prios fundadores. O coletivo acredita que a m\u00fasica independente n\u00e3o apenas pode, mas deve, construir seus pr\u00f3prios caminhos, projetos e redes.<\/p>\n\n\n\n<blockquote class=\"wp-block-quote is-layout-flow wp-block-quote-is-layout-flow\">\n<p>\u201cA m\u00fasica independente \u00e9 um outro assunto. Precisa de um trajeto pr\u00f3prio e at\u00e9 de uma legisla\u00e7\u00e3o espec\u00edfica que a ampare\u201d, defende Marianna.<\/p>\n<\/blockquote>\n\n\n\n<p>Com a\u00e7\u00f5es que v\u00e3o al\u00e9m da produ\u00e7\u00e3o fonogr\u00e1fica, o selo mant\u00e9m uma s\u00e9rie de <strong>programas, debates e conte\u00fados originais<\/strong>, sempre voltados \u00e0 reflex\u00e3o sobre o fazer musical, os direitos dos artistas, o papel social da arte e os desafios da cria\u00e7\u00e3o em tempos de intelig\u00eancia artificial.<\/p>\n\n\n\n<h3 class=\"wp-block-heading\">Projetos e programas: <\/h3>\n\n\n\n<p>Entre os destaques da Z\u00eanitha est\u00e3o:<\/p>\n\n\n\n<p>\ud83c\udf99 <strong>Z\u00eaniPapo<\/strong> \u2013 programa mensal no YouTube sobre temas da m\u00fasica independente;<br>\ud83d\udcfc <strong>Intr\u00e9pidos Independentes<\/strong> \u2013 s\u00e9rie documental sobre os primeiros selos alternativos do Brasil;<br>\u2696\ufe0f <strong>M\u00fasica \u00e9 Direito<\/strong> \u2013 programa e workshop sobre direitos autorais e profissionaliza\u00e7\u00e3o;<br>\ud83c\udf38 <strong>MulherizArte<\/strong> \u2013 espa\u00e7o de fala para mulheres nas artes;<br>\ud83d\udce1 <strong>Arte Pol\u00edtica<\/strong> \u2013 discuss\u00f5es sobre o cen\u00e1rio pol\u00edtico e cultural atual.<\/p>\n\n\n\n<p>Al\u00e9m disso, a Z\u00eanitha \u00e9 idealizadora da <strong>FeiraMIP \u2013 Feira de M\u00fasica Independente de Paraty<\/strong>, evento que une debates, oficinas e feira de produtos voltados ao universo independente.<\/p>\n\n\n\n<h3 class=\"wp-block-heading\">Parcerias e prop\u00f3sitos: <\/h3>\n\n\n\n<p>A atua\u00e7\u00e3o do selo inclui parcerias com iniciativas como o <strong>Instituto por Direitos e Igualdade (IDI)<\/strong>, o coletivo internacional <strong>Uma Terra S\u00f3<\/strong>, e a agregadora <strong>Quae M\u00fasica<\/strong>, dedicada \u00e0 difus\u00e3o de artistas fora do mainstream.<\/p>\n\n\n\n<p>A Z\u00eanitha tamb\u00e9m recebeu o selo do projeto <strong>VerifiedHuman<\/strong>, que valoriza a produ\u00e7\u00e3o art\u00edstica feita por pessoas reais, como forma de resist\u00eancia ao uso indiscriminado de intelig\u00eancia artificial no campo criativo.<\/p>\n\n\n\n<h3 class=\"wp-block-heading\">Indica\u00e7\u00f5es ao PPM 2025:<\/h3>\n\n\n\n<ul class=\"wp-block-list\">\n<li><strong>Z\u00eanitha M\u00fasica<\/strong> \u2013 selo;<\/li>\n\n\n\n<li><strong>Marianna Leporace<\/strong> \u2013 cantora (Regi\u00e3o Sudeste);<\/li>\n\n\n\n<li><strong>Leo de Freitas<\/strong> \u2013 autor de m\u00fasica instrumental (Regi\u00e3o Sudeste);<\/li>\n\n\n\n<li><strong>Felipe Radicetti<\/strong> \u2013 autor (m\u00fasica e letra), arranjador, produtor musical (Regi\u00e3o Sul), trilha de teatro e programa audiovisual (\u201cIntr\u00e9pidos Independentes\u201d).<\/li>\n<\/ul>\n\n\n\n<p><strong>Saiba mais sobre a Z\u00eanitha M\u00fasica:<\/strong><br>\ud83c\udf10 <a class=\"\" href=\"https:\/\/www.zenithamusica.com.br\">zenithamusica.com.br<\/a>;<br>\ud83d\udcfa <a class=\"\" href=\"https:\/\/www.youtube.com\/@zenithamusica\">Canal YouTube<\/a>;<br>\ud83d\udcf8 <a class=\"\" href=\"https:\/\/www.instagram.com\/zenithamusica\">Instagram @zenithamusica<\/a>;<br>\ud83c\udfa7 <a class=\"\" href=\"https:\/\/open.spotify.com\/user\/31rukt47gbpoqoo7ik7dyuw5hug\">Spotify<\/a>;<br>\ud83d\udcc5 <a class=\"\" href=\"https:\/\/www.ppm.art.br\/src\/pages\/conteudo.html?tipo=programaca\">Programa\u00e7\u00e3o do PPM<\/a>.<\/p>\n","protected":false},"excerpt":{"rendered":"<p>Foto\/divulga\u00e7\u00e3o Selo musical aposta em conex\u00f5es reais, produ\u00e7\u00e3o artesanal e coletividade como caminhos para fortalecer a m\u00fasica brasileira fora dos padr\u00f5es da ind\u00fastria. O selo Z\u00eanitha M\u00fasica chega \u00e0 oitava edi\u00e7\u00e3o do Pr\u00eamio Profissionais da M\u00fasica (PPM) com o reconhecimento de seu trabalho coletivo: s\u00e3o oito indica\u00e7\u00f5es na edi\u00e7\u00e3o de 2025, que acontece em Bras\u00edlia, [&hellip;]<\/p>\n","protected":false},"author":1441,"featured_media":12959,"comment_status":"open","ping_status":"open","sticky":false,"template":"","format":"standard","meta":{"_monsterinsights_skip_tracking":false,"_monsterinsights_sitenote_active":false,"_monsterinsights_sitenote_note":"","_monsterinsights_sitenote_category":0,"footnotes":""},"categories":[41,17,34,35],"tags":[487,1739,4946,4945],"class_list":["post-12958","post","type-post","status-publish","format-standard","has-post-thumbnail","hentry","category-agenda","category-bsb","category-destaque","category-business-news365","tag-destaque","tag-ppm","tag-ppm25","tag-zenithamusica"],"_links":{"self":[{"href":"https:\/\/cidadecult.com.br\/index.php?rest_route=\/wp\/v2\/posts\/12958","targetHints":{"allow":["GET"]}}],"collection":[{"href":"https:\/\/cidadecult.com.br\/index.php?rest_route=\/wp\/v2\/posts"}],"about":[{"href":"https:\/\/cidadecult.com.br\/index.php?rest_route=\/wp\/v2\/types\/post"}],"author":[{"embeddable":true,"href":"https:\/\/cidadecult.com.br\/index.php?rest_route=\/wp\/v2\/users\/1441"}],"replies":[{"embeddable":true,"href":"https:\/\/cidadecult.com.br\/index.php?rest_route=%2Fwp%2Fv2%2Fcomments&post=12958"}],"version-history":[{"count":1,"href":"https:\/\/cidadecult.com.br\/index.php?rest_route=\/wp\/v2\/posts\/12958\/revisions"}],"predecessor-version":[{"id":12960,"href":"https:\/\/cidadecult.com.br\/index.php?rest_route=\/wp\/v2\/posts\/12958\/revisions\/12960"}],"wp:featuredmedia":[{"embeddable":true,"href":"https:\/\/cidadecult.com.br\/index.php?rest_route=\/wp\/v2\/media\/12959"}],"wp:attachment":[{"href":"https:\/\/cidadecult.com.br\/index.php?rest_route=%2Fwp%2Fv2%2Fmedia&parent=12958"}],"wp:term":[{"taxonomy":"category","embeddable":true,"href":"https:\/\/cidadecult.com.br\/index.php?rest_route=%2Fwp%2Fv2%2Fcategories&post=12958"},{"taxonomy":"post_tag","embeddable":true,"href":"https:\/\/cidadecult.com.br\/index.php?rest_route=%2Fwp%2Fv2%2Ftags&post=12958"}],"curies":[{"name":"wp","href":"https:\/\/api.w.org\/{rel}","templated":true}]}}