{"id":12930,"date":"2025-06-14T09:00:00","date_gmt":"2025-06-14T12:00:00","guid":{"rendered":"https:\/\/cidadecult.com.br\/?p=12930"},"modified":"2025-06-08T09:35:29","modified_gmt":"2025-06-08T12:35:29","slug":"14-de-junho-dia-mundial-do-doador-de-sangue-celebra-solidariedade-que-salva-vidas","status":"publish","type":"post","link":"https:\/\/cidadecult.com.br\/?p=12930","title":{"rendered":"14 de junho: Dia Mundial do Doador de Sangue celebra solidariedade que salva vidas"},"content":{"rendered":"\n<p><em>Arte\/divulga\u00e7\u00e3o<\/em><\/p>\n\n\n\n<p>A semana que<strong> iniciou dia 8 de junho, deu in\u00edcio uma semana repleta de datas que convidam \u00e0 reflex\u00e3o e ao cuidado coletivo. <\/strong>Nesta sexta-feira, <strong>14 de junho<\/strong>, o mundo volta os olhos para um ato silencioso, mas profundamente transformador: <strong>a doa\u00e7\u00e3o de sangue<\/strong>. A data, institu\u00edda pela Organiza\u00e7\u00e3o Mundial da Sa\u00fade (OMS), homenageia todas as pessoas que doam voluntariamente e incentiva a popula\u00e7\u00e3o a aderir a esse gesto que pode <strong>salvar at\u00e9 quatro vidas em uma \u00fanica doa\u00e7\u00e3o<\/strong>.<\/p>\n\n\n\n<p>O sangue n\u00e3o pode ser fabricado em laborat\u00f3rio, e a \u00fanica fonte \u00e9 a solidariedade humana. Em momentos de baixa nos estoques, como <strong>per\u00edodos de frio e feriados prolongados<\/strong>, o cen\u00e1rio se torna ainda mais cr\u00edtico, especialmente para quem precisa de transfus\u00f5es frequentes, como pessoas com c\u00e2ncer, doen\u00e7as hematol\u00f3gicas ou v\u00edtimas de acidentes.<\/p>\n\n\n\n<h3 class=\"wp-block-heading\">Bras\u00edlia precisa de voc\u00ea! <\/h3>\n\n\n\n<p>No Distrito Federal, o Hemocentro de Bras\u00edlia tem papel central na capta\u00e7\u00e3o e distribui\u00e7\u00e3o de sangue para toda a rede p\u00fablica de sa\u00fade. Atualmente, os estoques de alguns tipos sangu\u00edneos, como O- e B-, frequentemente operam em n\u00edvel de alerta.<\/p>\n\n\n\n<p>Para doar, \u00e9 necess\u00e1rio:<\/p>\n\n\n\n<ul class=\"wp-block-list\">\n<li>Estar em boas condi\u00e7\u00f5es de sa\u00fade;<\/li>\n\n\n\n<li>Ter entre 16 e 69 anos (menores com autoriza\u00e7\u00e3o);<\/li>\n\n\n\n<li>Pesar mais de 51 kg;<\/li>\n\n\n\n<li>Estar descansado e alimentado;<\/li>\n\n\n\n<li>Levar documento oficial com foto.<\/li>\n<\/ul>\n\n\n\n<p>O processo \u00e9 seguro, r\u00e1pido e acolhedor, com equipe capacitada para atender a todos com cuidado.<\/p>\n\n\n\n<h3 class=\"wp-block-heading\">Uma homenagem mundial: <\/h3>\n\n\n\n<p>A escolha do dia 14 de junho \u00e9 uma homenagem ao nascimento de <strong>Karl Landsteiner<\/strong> (1868\u20131943), cientista austr\u00edaco que descobriu os grupos sangu\u00edneos ABO, descoberta essencial para as transfus\u00f5es modernas.<\/p>\n\n\n\n<p>Todos os anos, a OMS e seus parceiros escolhem um pa\u00eds anfitri\u00e3o e um tema para refor\u00e7ar a import\u00e2ncia da doa\u00e7\u00e3o. Em 2024, o tema global \u00e9: <strong>&#8220;Doe sangue, doe plasma, compartilhe vida, compartilhe com frequ\u00eancia&#8221;<\/strong>, incentivando a doa\u00e7\u00e3o regular como parte de um compromisso cont\u00ednuo com a vida.<\/p>\n\n\n\n<h3 class=\"wp-block-heading\">Onde doar em Bras\u00edlia?<\/h3>\n\n\n\n<p>O Hemocentro de Bras\u00edlia fica na <strong>SMHN Quadra 3, conjunto A, Bloco 3 \u2013 Asa Norte<\/strong>, pr\u00f3ximo ao Hran.<br>Agendamentos podem ser feitos pelo site <a>agenda.hemocentro.df.gov.br<\/a> ou pelo telefone 160, op\u00e7\u00e3o 2.<\/p>\n\n\n\n<h2 class=\"wp-block-heading\">Um ato de amor an\u00f4nimo: <\/h2>\n\n\n\n<p>Neste 14 de junho, o convite \u00e9 simples e profundo: <strong>doe sangue<\/strong>. Pode parecer pouco, mas para quem est\u00e1 em um leito hospitalar, esse gesto pode ser o que separa a dor da esperan\u00e7a, a espera da vida.<\/p>\n\n\n\n<p><strong>Doe, incentive e compartilhe.<\/strong><\/p>\n","protected":false},"excerpt":{"rendered":"<p>Arte\/divulga\u00e7\u00e3o A semana que iniciou dia 8 de junho, deu in\u00edcio uma semana repleta de datas que convidam \u00e0 reflex\u00e3o e ao cuidado coletivo. Nesta sexta-feira, 14 de junho, o mundo volta os olhos para um ato silencioso, mas profundamente transformador: a doa\u00e7\u00e3o de sangue. A data, institu\u00edda pela Organiza\u00e7\u00e3o Mundial da Sa\u00fade (OMS), homenageia [&hellip;]<\/p>\n","protected":false},"author":1441,"featured_media":12931,"comment_status":"open","ping_status":"open","sticky":false,"template":"","format":"standard","meta":{"_monsterinsights_skip_tracking":false,"_monsterinsights_sitenote_active":false,"_monsterinsights_sitenote_note":"","_monsterinsights_sitenote_category":0,"footnotes":""},"categories":[54],"tags":[],"class_list":["post-12930","post","type-post","status-publish","format-standard","has-post-thumbnail","hentry","category-brasil"],"_links":{"self":[{"href":"https:\/\/cidadecult.com.br\/index.php?rest_route=\/wp\/v2\/posts\/12930","targetHints":{"allow":["GET"]}}],"collection":[{"href":"https:\/\/cidadecult.com.br\/index.php?rest_route=\/wp\/v2\/posts"}],"about":[{"href":"https:\/\/cidadecult.com.br\/index.php?rest_route=\/wp\/v2\/types\/post"}],"author":[{"embeddable":true,"href":"https:\/\/cidadecult.com.br\/index.php?rest_route=\/wp\/v2\/users\/1441"}],"replies":[{"embeddable":true,"href":"https:\/\/cidadecult.com.br\/index.php?rest_route=%2Fwp%2Fv2%2Fcomments&post=12930"}],"version-history":[{"count":1,"href":"https:\/\/cidadecult.com.br\/index.php?rest_route=\/wp\/v2\/posts\/12930\/revisions"}],"predecessor-version":[{"id":12932,"href":"https:\/\/cidadecult.com.br\/index.php?rest_route=\/wp\/v2\/posts\/12930\/revisions\/12932"}],"wp:featuredmedia":[{"embeddable":true,"href":"https:\/\/cidadecult.com.br\/index.php?rest_route=\/wp\/v2\/media\/12931"}],"wp:attachment":[{"href":"https:\/\/cidadecult.com.br\/index.php?rest_route=%2Fwp%2Fv2%2Fmedia&parent=12930"}],"wp:term":[{"taxonomy":"category","embeddable":true,"href":"https:\/\/cidadecult.com.br\/index.php?rest_route=%2Fwp%2Fv2%2Fcategories&post=12930"},{"taxonomy":"post_tag","embeddable":true,"href":"https:\/\/cidadecult.com.br\/index.php?rest_route=%2Fwp%2Fv2%2Ftags&post=12930"}],"curies":[{"name":"wp","href":"https:\/\/api.w.org\/{rel}","templated":true}]}}