{"id":12926,"date":"2025-06-14T08:00:00","date_gmt":"2025-06-14T11:00:00","guid":{"rendered":"https:\/\/cidadecult.com.br\/?p=12926"},"modified":"2025-06-07T19:15:42","modified_gmt":"2025-06-07T22:15:42","slug":"mec-prorroga-inscricoes-do-enem-2025-ate-13-de-junho","status":"publish","type":"post","link":"https:\/\/cidadecult.com.br\/?p=12926","title":{"rendered":"MEC prorroga inscri\u00e7\u00f5es do Enem 2025 at\u00e9 13 de junho"},"content":{"rendered":"\n<p><em>Foto: Paulo Pinto <\/em><\/p>\n\n\n\n<p>O Minist\u00e9rio da Educa\u00e7\u00e3o anunciou neste s\u00e1bado (7) a prorroga\u00e7\u00e3o do prazo de inscri\u00e7\u00f5es para o Exame Nacional do Ensino M\u00e9dio (Enem) 2025. Agora, os candidatos t\u00eam at\u00e9 o <strong>dia 13 de junho<\/strong> para se inscrever na avalia\u00e7\u00e3o que \u00e9 a principal porta de entrada para universidades p\u00fablicas e programas como Sisu, Prouni e Fies.<\/p>\n\n\n\n<p>Com a mudan\u00e7a, o prazo para pagamento da taxa tamb\u00e9m foi estendido e pode ser feito at\u00e9 <strong>18 de junho<\/strong>. J\u00e1 os pedidos de atendimento especializado e uso do nome social devem ser realizados at\u00e9 o <strong>mesmo dia do encerramento das inscri\u00e7\u00f5es<\/strong>, ou seja, at\u00e9 13 de junho.<\/p>\n\n\n\n<h3 class=\"wp-block-heading\">Quem precisa se inscrever<\/h3>\n\n\n\n<p>Mesmo quem teve o pedido de <strong>isen\u00e7\u00e3o de taxa aprovado<\/strong> precisa se inscrever. O mesmo vale para estudantes do <strong>3\u00ba ano do ensino m\u00e9dio em escolas p\u00fablicas<\/strong>: embora os dados estejam pr\u00e9-preenchidos, \u00e9 necess\u00e1rio confirmar e atualizar as informa\u00e7\u00f5es para garantir a participa\u00e7\u00e3o. Neste caso, a inscri\u00e7\u00e3o continua gratuita.<\/p>\n\n\n\n<p>O Inep, \u00f3rg\u00e3o respons\u00e1vel pela organiza\u00e7\u00e3o do exame, publicou em suas redes sociais um v\u00eddeo explicativo com o passo a passo para a inscri\u00e7\u00e3o.<\/p>\n\n\n\n<p>A prorroga\u00e7\u00e3o tem como objetivo ampliar o acesso e estimular a participa\u00e7\u00e3o de mais estudantes, especialmente da rede p\u00fablica.<\/p>\n\n\n\n<p>\ud83d\udcc5 <strong>Novas datas do Enem 2025<\/strong><br>\u2013 Inscri\u00e7\u00f5es: at\u00e9 <strong>13 de junho<\/strong><br>\u2013 Solicita\u00e7\u00e3o de atendimento especializado e nome social: at\u00e9 <strong>13 de junho<\/strong><br>\u2013 Pagamento da taxa: at\u00e9 <strong>18 de junho<\/strong><\/p>\n\n\n\n<p>Para se inscrever, acesse o site oficial: <a>enem.inep.gov.br<\/a><\/p>\n","protected":false},"excerpt":{"rendered":"<p>Foto: Paulo Pinto O Minist\u00e9rio da Educa\u00e7\u00e3o anunciou neste s\u00e1bado (7) a prorroga\u00e7\u00e3o do prazo de inscri\u00e7\u00f5es para o Exame Nacional do Ensino M\u00e9dio (Enem) 2025. Agora, os candidatos t\u00eam at\u00e9 o dia 13 de junho para se inscrever na avalia\u00e7\u00e3o que \u00e9 a principal porta de entrada para universidades p\u00fablicas e programas como Sisu, [&hellip;]<\/p>\n","protected":false},"author":1441,"featured_media":12927,"comment_status":"open","ping_status":"open","sticky":false,"template":"","format":"standard","meta":{"_monsterinsights_skip_tracking":false,"_monsterinsights_sitenote_active":false,"_monsterinsights_sitenote_note":"","_monsterinsights_sitenote_category":0,"footnotes":""},"categories":[1],"tags":[],"class_list":["post-12926","post","type-post","status-publish","format-standard","has-post-thumbnail","hentry","category-sem-categoria"],"_links":{"self":[{"href":"https:\/\/cidadecult.com.br\/index.php?rest_route=\/wp\/v2\/posts\/12926","targetHints":{"allow":["GET"]}}],"collection":[{"href":"https:\/\/cidadecult.com.br\/index.php?rest_route=\/wp\/v2\/posts"}],"about":[{"href":"https:\/\/cidadecult.com.br\/index.php?rest_route=\/wp\/v2\/types\/post"}],"author":[{"embeddable":true,"href":"https:\/\/cidadecult.com.br\/index.php?rest_route=\/wp\/v2\/users\/1441"}],"replies":[{"embeddable":true,"href":"https:\/\/cidadecult.com.br\/index.php?rest_route=%2Fwp%2Fv2%2Fcomments&post=12926"}],"version-history":[{"count":1,"href":"https:\/\/cidadecult.com.br\/index.php?rest_route=\/wp\/v2\/posts\/12926\/revisions"}],"predecessor-version":[{"id":12928,"href":"https:\/\/cidadecult.com.br\/index.php?rest_route=\/wp\/v2\/posts\/12926\/revisions\/12928"}],"wp:featuredmedia":[{"embeddable":true,"href":"https:\/\/cidadecult.com.br\/index.php?rest_route=\/wp\/v2\/media\/12927"}],"wp:attachment":[{"href":"https:\/\/cidadecult.com.br\/index.php?rest_route=%2Fwp%2Fv2%2Fmedia&parent=12926"}],"wp:term":[{"taxonomy":"category","embeddable":true,"href":"https:\/\/cidadecult.com.br\/index.php?rest_route=%2Fwp%2Fv2%2Fcategories&post=12926"},{"taxonomy":"post_tag","embeddable":true,"href":"https:\/\/cidadecult.com.br\/index.php?rest_route=%2Fwp%2Fv2%2Ftags&post=12926"}],"curies":[{"name":"wp","href":"https:\/\/api.w.org\/{rel}","templated":true}]}}