{"id":12920,"date":"2025-06-12T09:00:00","date_gmt":"2025-06-12T12:00:00","guid":{"rendered":"https:\/\/cidadecult.com.br\/?p=12920"},"modified":"2025-06-06T17:45:49","modified_gmt":"2025-06-06T20:45:49","slug":"startups-iniciam-processo-de-incubacao-para-projetos-voltados-ao-setor-agricola-no-df","status":"publish","type":"post","link":"https:\/\/cidadecult.com.br\/?p=12920","title":{"rendered":"Startups iniciam processo de incuba\u00e7\u00e3o para projetos voltados ao setor agr\u00edcola no DF"},"content":{"rendered":"\n<p><em>Foto\/divulga\u00e7\u00e3o<\/em><\/p>\n\n\n\n<p>Na <strong>quinta feira (5)<\/strong>, come\u00e7ou o <strong>processo de incuba\u00e7\u00e3o das <em>startups<\/em> selecionadas no &#8220;Agro-<em>hack<\/em> ideias&#8221; e no &#8220;Hackathon Sustentabilidade Tecnol\u00f3gica&#8221;. <\/strong>A iniciativa tem com<strong>o objetivo apoiar o desenvolvimento de solu\u00e7\u00f5es tecnol\u00f3gicas inovadoras para o agroneg\u00f3cio e a sustentabilidade no Distrito Federal.<\/strong><\/p>\n\n\n\n<p>Durante a cerim\u00f4nia de abertura, participaram autoridades e representantes do setor, entre eles <strong>Alexandre Villain, secret\u00e1rio em exerc\u00edcio da Secretaria de Ci\u00eancia<\/strong>, <strong>Tecnologia e Inova\u00e7\u00e3o do DF (Secti-DF)<\/strong>;<strong> Ant\u00f4nio Barreto, subsecret\u00e1rio de Pol\u00edticas Econ\u00f4micas Agropecu\u00e1rias da Seagri-DF<\/strong>;<strong> Marcos Almeida<\/strong>,<strong> da Cooperativa de Agropecu\u00e1ria da Regi\u00e3o de Brazl\u00e2ndia (Coopebraz)<\/strong>;<strong> e Cristiane Pereira<\/strong>, <strong>diretora-presidente do Instituto MultipliCidades, respons\u00e1vel pela metodologia de incuba\u00e7\u00e3o.<\/strong><\/p>\n\n\n\n<p>O processo de incuba\u00e7\u00e3o oferece \u00e0s<em> startups <\/em>apoio t\u00e9cnico, mentorias especializadas e capacita\u00e7\u00f5es estrat\u00e9gicas para que as solu\u00e7\u00f5es desenvolvidas sejam aplicadas de forma pr\u00e1tica no campo. <strong>As tecnologias envolvem ferramentas digitais que visam aumentar a produtividade e a sustentabilidade na agricultura local.<\/strong><\/p>\n\n\n\n<p><strong>Para Alexandre Villain, iniciativas como essa refor\u00e7am o compromisso do governo local com o fortalecimento do ecossistema de inova\u00e7\u00e3o. <em>\u201cA integra\u00e7\u00e3o entre tecnologia e agroneg\u00f3cio \u00e9 fundamental para impulsionar o desenvolvimento sustent\u00e1vel do DF\u201d<\/em>, afirmou.<\/strong><\/p>\n\n\n\n<p><strong>Ant\u00f4nio Barreto<\/strong> destacou que<strong> a conex\u00e3o entre agricultura e inova\u00e7\u00e3o amplia as possibilidades de crescimento das cadeias produtivas locais.<\/strong> J\u00e1 <strong>Marcos Almeida<\/strong> ressaltou<strong> a import\u00e2ncia do di\u00e1logo entre <em>startups<\/em> e cooperativas para o avan\u00e7o da agricultura familiar, com benef\u00edcios para efici\u00eancia e redu\u00e7\u00e3o do impacto ambiental.<\/strong><\/p>\n\n\n\n<p><strong>Cristiane Pereira enfatizou o papel do projeto para posicionar Bras\u00edlia como um dos principais polos de inova\u00e7\u00e3o do pa\u00eds. <\/strong>Segundo<strong> dados do Sebrae<\/strong>, <strong>o Distrito Federal ocupa a quarta posi\u00e7\u00e3o nacional em n\u00famero de <em>startups.<\/em><\/strong><\/p>\n\n\n\n<p>Agora, as<em> startups<\/em> iniciam as etapas de incuba\u00e7\u00e3o acompanhadas por especialistas, com o apoio da <strong>Secti-DF,<\/strong> <strong>Seagri-DF<\/strong>, <strong>Associa\u00e7\u00e3o dos Engenheiros Agr\u00f4nomos do DF (AEA-DF)<\/strong>, <strong>Clube de Engenharia (CENB)<\/strong> e <strong>Parque Tecnol\u00f3gico Biotic.<\/strong><\/p>\n","protected":false},"excerpt":{"rendered":"<p>Foto\/divulga\u00e7\u00e3o Na quinta feira (5), come\u00e7ou o processo de incuba\u00e7\u00e3o das startups selecionadas no &#8220;Agro-hack ideias&#8221; e no &#8220;Hackathon Sustentabilidade Tecnol\u00f3gica&#8221;. A iniciativa tem como objetivo apoiar o desenvolvimento de solu\u00e7\u00f5es tecnol\u00f3gicas inovadoras para o agroneg\u00f3cio e a sustentabilidade no Distrito Federal. Durante a cerim\u00f4nia de abertura, participaram autoridades e representantes do setor, entre eles [&hellip;]<\/p>\n","protected":false},"author":1441,"featured_media":12921,"comment_status":"open","ping_status":"open","sticky":false,"template":"","format":"standard","meta":{"_monsterinsights_skip_tracking":false,"_monsterinsights_sitenote_active":false,"_monsterinsights_sitenote_note":"","_monsterinsights_sitenote_category":0,"footnotes":""},"categories":[41,17,16,34,43],"tags":[4942,4941,3758,3803],"class_list":["post-12920","post","type-post","status-publish","format-standard","has-post-thumbnail","hentry","category-agenda","category-bsb","category-tech","category-destaque","category-releases","tag-coopebraz","tag-hackathonsustentabilidadetecnologica","tag-sectidf","tag-startups"],"_links":{"self":[{"href":"https:\/\/cidadecult.com.br\/index.php?rest_route=\/wp\/v2\/posts\/12920","targetHints":{"allow":["GET"]}}],"collection":[{"href":"https:\/\/cidadecult.com.br\/index.php?rest_route=\/wp\/v2\/posts"}],"about":[{"href":"https:\/\/cidadecult.com.br\/index.php?rest_route=\/wp\/v2\/types\/post"}],"author":[{"embeddable":true,"href":"https:\/\/cidadecult.com.br\/index.php?rest_route=\/wp\/v2\/users\/1441"}],"replies":[{"embeddable":true,"href":"https:\/\/cidadecult.com.br\/index.php?rest_route=%2Fwp%2Fv2%2Fcomments&post=12920"}],"version-history":[{"count":1,"href":"https:\/\/cidadecult.com.br\/index.php?rest_route=\/wp\/v2\/posts\/12920\/revisions"}],"predecessor-version":[{"id":12922,"href":"https:\/\/cidadecult.com.br\/index.php?rest_route=\/wp\/v2\/posts\/12920\/revisions\/12922"}],"wp:featuredmedia":[{"embeddable":true,"href":"https:\/\/cidadecult.com.br\/index.php?rest_route=\/wp\/v2\/media\/12921"}],"wp:attachment":[{"href":"https:\/\/cidadecult.com.br\/index.php?rest_route=%2Fwp%2Fv2%2Fmedia&parent=12920"}],"wp:term":[{"taxonomy":"category","embeddable":true,"href":"https:\/\/cidadecult.com.br\/index.php?rest_route=%2Fwp%2Fv2%2Fcategories&post=12920"},{"taxonomy":"post_tag","embeddable":true,"href":"https:\/\/cidadecult.com.br\/index.php?rest_route=%2Fwp%2Fv2%2Ftags&post=12920"}],"curies":[{"name":"wp","href":"https:\/\/api.w.org\/{rel}","templated":true}]}}