{"id":12917,"date":"2025-06-12T09:00:00","date_gmt":"2025-06-12T12:00:00","guid":{"rendered":"https:\/\/cidadecult.com.br\/?p=12917"},"modified":"2025-06-06T17:33:44","modified_gmt":"2025-06-06T20:33:44","slug":"filhos-de-dona-maria-trazem-flor-furacao-e-forro-de-rabeca-em-edicao-especial-de-junho","status":"publish","type":"post","link":"https:\/\/cidadecult.com.br\/?p=12917","title":{"rendered":"Filhos de Dona Maria trazem Flor Furac\u00e3o e forr\u00f3 de rabeca em edi\u00e7\u00e3o especial de junho"},"content":{"rendered":"\n<p><em>Foto\/divulga\u00e7\u00e3o<\/em><\/p>\n\n\n\n<p><strong>Neste s\u00e1bado<\/strong>, dia <strong>14 de junho<\/strong>, o projeto <strong>&#8220;Feiti\u00e7o na rua&#8221;<\/strong> retorna \u00e0 quadra da <strong>Aruc<\/strong>, no <strong>Cruzeiro velho, <\/strong>para uma <strong>edi\u00e7\u00e3o especial <\/strong>que <strong>celebra o m\u00eas junino com samba, forr\u00f3 e m\u00fasica autoral.<\/strong> A tradicional roda dos <strong>&#8220;Filhos de Dona Maria&#8221;<\/strong> ter\u00e1 <strong>um bloco dedicado exclusivamente ao forr\u00f3 de rabeca<\/strong>, <strong>instrumento t\u00edpico do Nordeste brasileiro<\/strong>, <strong>al\u00e9m da participa\u00e7\u00e3o da cantora e compositora Flor Furac\u00e3o.<\/strong><\/p>\n\n\n\n<p><strong>A programa\u00e7\u00e3o da noite inclui ainda a discotecagem da DJ Beatmilla e a &#8220;Feira coisa de preto&#8221;, que re\u00fane empreendedores da cultura preta local.<\/strong><\/p>\n\n\n\n<p>Os ingressos est\u00e3o \u00e0 venda no <strong><a href=\"https:\/\/www.sympla.com.br\/\">Sympla <\/a>a partir de R$ 14 <\/strong>e custam <strong>R$ 21 na entrada<\/strong>. A classifica\u00e7\u00e3o indicativa \u00e9<strong> para maiores de 18 anos.<\/strong><\/p>\n\n\n\n<p>O evento \u00e9<strong> realizado<\/strong> pelos<strong> Filhos de Dona Maria<\/strong> em <strong>parceria<\/strong> com a <strong>A Gira Produ\u00e7\u00f5es<\/strong>, com <strong>apoio<\/strong> do <strong>Il\u00ea Ax\u00e9 T\u2019Oju Lab\u00e1.<\/strong><\/p>\n\n\n\n<p><strong>Servi\u00e7o- Feiti\u00e7o na rua<\/strong><br><strong>Data: <\/strong>14\/06 (s\u00e1bado);<br><strong>Hor\u00e1rio:<\/strong> a partir das 18h;<br><strong>Local:<\/strong> Quadra da Aruc \u2013 \u00c1rea Especial 8, Cruzeiro Velho;<br><strong>Ingressos: <\/strong>R$ 14 (Sympla) | R$ 21 (na portaria);<br><strong>Classifica\u00e7\u00e3o: <\/strong>18 anos;<br><strong>Mais informa\u00e7\u00f5es:<\/strong> <a class=\"\" href=\"https:\/\/www.instagram.com\/filhosdedonamaria\/\"><strong>@filhosdedonamaria<\/strong><\/a>.<\/p>\n","protected":false},"excerpt":{"rendered":"<p>Foto\/divulga\u00e7\u00e3o Neste s\u00e1bado, dia 14 de junho, o projeto &#8220;Feiti\u00e7o na rua&#8221; retorna \u00e0 quadra da Aruc, no Cruzeiro velho, para uma edi\u00e7\u00e3o especial que celebra o m\u00eas junino com samba, forr\u00f3 e m\u00fasica autoral. A tradicional roda dos &#8220;Filhos de Dona Maria&#8221; ter\u00e1 um bloco dedicado exclusivamente ao forr\u00f3 de rabeca, instrumento t\u00edpico do [&hellip;]<\/p>\n","protected":false},"author":1441,"featured_media":12918,"comment_status":"open","ping_status":"open","sticky":false,"template":"","format":"standard","meta":{"_monsterinsights_skip_tracking":false,"_monsterinsights_sitenote_active":false,"_monsterinsights_sitenote_note":"","_monsterinsights_sitenote_category":0,"footnotes":""},"categories":[41,2569,17,34],"tags":[419,4245,2967,4940,1408],"class_list":["post-12917","post","type-post","status-publish","format-standard","has-post-thumbnail","hentry","category-agenda","category-arte","category-bsb","category-destaque","tag-brasiliadf-2","tag-destaqye","tag-feiticonarua","tag-filhosdedonamaria","tag-junho"],"_links":{"self":[{"href":"https:\/\/cidadecult.com.br\/index.php?rest_route=\/wp\/v2\/posts\/12917","targetHints":{"allow":["GET"]}}],"collection":[{"href":"https:\/\/cidadecult.com.br\/index.php?rest_route=\/wp\/v2\/posts"}],"about":[{"href":"https:\/\/cidadecult.com.br\/index.php?rest_route=\/wp\/v2\/types\/post"}],"author":[{"embeddable":true,"href":"https:\/\/cidadecult.com.br\/index.php?rest_route=\/wp\/v2\/users\/1441"}],"replies":[{"embeddable":true,"href":"https:\/\/cidadecult.com.br\/index.php?rest_route=%2Fwp%2Fv2%2Fcomments&post=12917"}],"version-history":[{"count":1,"href":"https:\/\/cidadecult.com.br\/index.php?rest_route=\/wp\/v2\/posts\/12917\/revisions"}],"predecessor-version":[{"id":12919,"href":"https:\/\/cidadecult.com.br\/index.php?rest_route=\/wp\/v2\/posts\/12917\/revisions\/12919"}],"wp:featuredmedia":[{"embeddable":true,"href":"https:\/\/cidadecult.com.br\/index.php?rest_route=\/wp\/v2\/media\/12918"}],"wp:attachment":[{"href":"https:\/\/cidadecult.com.br\/index.php?rest_route=%2Fwp%2Fv2%2Fmedia&parent=12917"}],"wp:term":[{"taxonomy":"category","embeddable":true,"href":"https:\/\/cidadecult.com.br\/index.php?rest_route=%2Fwp%2Fv2%2Fcategories&post=12917"},{"taxonomy":"post_tag","embeddable":true,"href":"https:\/\/cidadecult.com.br\/index.php?rest_route=%2Fwp%2Fv2%2Ftags&post=12917"}],"curies":[{"name":"wp","href":"https:\/\/api.w.org\/{rel}","templated":true}]}}