{"id":12663,"date":"2025-05-21T12:56:07","date_gmt":"2025-05-21T15:56:07","guid":{"rendered":"https:\/\/cidadecult.com.br\/?p=12663"},"modified":"2025-05-21T12:58:17","modified_gmt":"2025-05-21T15:58:17","slug":"teatro-de-rua-e-palhacaria-ocupam-a-escadaria-selaron-com-espetaculo-tragicomico-e-interativo","status":"publish","type":"post","link":"https:\/\/cidadecult.com.br\/?p=12663","title":{"rendered":"Teatro de rua e palha\u00e7aria ocupam a Escadaria Selar\u00f3n com espet\u00e1culo tragic\u00f4mico e interativo"},"content":{"rendered":"\n<p><em>Foto\/divulga\u00e7\u00e3o<\/em><\/p>\n\n\n\n<p><strong>\u201cS\u00f3 percebo que estou correndo quando vejo que estou caindo\u201d<\/strong> estreia em curta temporada no <strong>Rio de Janeiro<\/strong> unindo <strong>humor, brasilidade e cr\u00edtica social <\/strong>em <strong>uma experi\u00eancia ao ar livre<\/strong>. <\/p>\n\n\n\n<p>A <strong>&#8220;Escadaria Selar\u00f3n&#8221;,<\/strong> um dos <strong>cart\u00f5es-postais mais vibrantes do Rio<\/strong>, se transforma em palco para o espet\u00e1culo <strong>\u201cS\u00f3 percebo que estou correndo quando vejo que estou caindo\u201d<\/strong>, que <strong>une teatro de rua, palha\u00e7aria e intera\u00e7\u00e3o com o p\u00fablico para tratar com humor e poesia das dores e del\u00edcias da vida cotidiana.<\/strong> A curta temporada acontece nos dias <strong>24, 25 e 31 de maio, e 1\u00ba de junho<\/strong>, com<strong> apresenta\u00e7\u00f5es gratuitas ao ar livre<\/strong> e ingressos a pre\u00e7os populares na <strong>Sede Cia dos Atores<\/strong>, em<strong> Santa Teresa.<\/strong><\/p>\n\n\n\n<p>Com dire\u00e7\u00e3o de <strong>Jo\u00e3o Santucci<\/strong> e dramaturgia de <strong>Lane Lopes<\/strong>,<strong> a montagem \u00e9 uma epopeia contempor\u00e2nea tragic\u00f4mica<\/strong> protagonizada por <strong>M\u00f4nica<\/strong>, vivida por <strong>Patr\u00edcia Bello<\/strong>. <strong>A personagem inicia uma busca surreal por sua calcinha perdida que ganha vida e voa pelos c\u00e9us do Rio e, nesse caminho, se depara com os dilemas de sua gera\u00e7\u00e3o: precariza\u00e7\u00e3o do trabalho, frustra\u00e7\u00f5es amorosas, traumas de inf\u00e2ncia e inseguran\u00e7as quanto ao futuro. Ao longo da jornada, ela encontra tipos urbanos, rurais e selvagens,<\/strong> interpretados por <strong>Victor Lampert<\/strong> e <strong>Paula Malheiros<\/strong>, <strong>num jogo c\u00eanico cheio de refer\u00eancias \u00e0 cultura brasileira, ao carnaval e \u00e0 vida nas ruas.<\/strong><\/p>\n\n\n\n<h3 class=\"wp-block-heading\">Uma pe\u00e7a que olha nos olhos da plateia: <\/h3>\n\n\n\n<p><strong>Inspirado em manifesta\u00e7\u00f5es populares e no movimento tropicalista, o espet\u00e1culo convida o p\u00fablico a viver uma experi\u00eancia sensorial,<\/strong> quase como uma festa ao p\u00f4r do sol.<em> \u201c\u00c9 uma obra que prescinde de cen\u00e1rios grandiosos, mas oferece um excesso de corpo, cor e presen\u00e7a\u201d,<\/em> comenta o diretor Jo\u00e3o Santucci. <strong>Elementos simples como areia, \u00e1gua e comida se somam \u00e0 atua\u00e7\u00e3o pulsante do elenco para criar um espet\u00e1culo l\u00fadico, imersivo e acess\u00edvel.<\/strong><\/p>\n\n\n\n<p>A pe\u00e7a nasceu a partir do livro hom\u00f4nimo de <strong>Lane Lopes<\/strong>, publicado pela <strong>Editora Cobog\u00f3<\/strong> em <strong>2019<\/strong>. Em <strong>2020<\/strong>,<strong> a autora uniu-se ao diretor e aos atores para transformar a obra liter\u00e1ria em teatro vivo processo atravessado pela pandemia e que s\u00f3 p\u00f4de ganhar as ruas em 2022.<\/strong><\/p>\n\n\n\n<h3 class=\"wp-block-heading\">Servi\u00e7o: <\/h3>\n\n\n\n<p><strong>Espet\u00e1culo:<\/strong> S\u00f3 percebo que estou caindo quando vejo que estou caindo;<br><strong>G\u00eanero:<\/strong> Teatro de rua, tragic\u00f4mico;<br><strong>Classifica\u00e7\u00e3o indicativa:<\/strong> 14 anos.<\/p>\n\n\n\n<p>\ud83d\udcc5 <strong>Datas e hor\u00e1rios:<\/strong><\/p>\n\n\n\n<ul class=\"wp-block-list\">\n<li><strong>24 e 31 de maio (s\u00e1bados)<\/strong> \u2013 17h;<\/li>\n\n\n\n<li><strong>25 de maio e 1\u00ba de junho (domingos)<\/strong> \u2013 16h.<\/li>\n<\/ul>\n\n\n\n<p>\ud83d\udccd <strong>Local:<\/strong> Sede Cia dos Atores \u2013 Rua Manuel Carneiro, 12 (Escadaria Selar\u00f3n), Santa Teresa \u2013 Rio de Janeiro\/RJ.<br>\ud83c\udf9f\ufe0f <strong>Ingressos:<\/strong><\/p>\n\n\n\n<ul class=\"wp-block-list\">\n<li>R$ 50 (inteira) | R$ 25 (meia) \u2013 dispon\u00edveis pela plataforma <a class=\"\" href=\"https:\/\/www.sympla.com.br\">Sympla<\/a>;<\/li>\n\n\n\n<li>Lista amiga (R$ 20) \u2013 via contato no Instagram <a class=\"\" href=\"https:\/\/www.instagram.com\/sopercebo\">@sopercebo<\/a>;<br>\ud83e\ude91 Capacidade: 67 lugares;<br>\ud83c\udfab Bilheteria no local abre com at\u00e9 1h de anteced\u00eancia.<\/li>\n<\/ul>\n\n\n\n<h3 class=\"wp-block-heading\">Ficha t\u00e9cnica: <\/h3>\n\n\n\n<p><strong>Dire\u00e7\u00e3o e cen\u00e1rio:<\/strong> Jo\u00e3o Santucci;<br><strong>Dramaturgia:<\/strong> Lane Lopes;<br><strong>Elenco:<\/strong> Patr\u00edcia Bello, Paula Malheiros e Victor Lampert;<br><strong>Figurino:<\/strong> Cria\u00e7\u00e3o coletiva;<br><strong>Ilumina\u00e7\u00e3o:<\/strong> Rodrigo Belay;<br><strong>Design:<\/strong> Julia Feital e Thaysa Paulo;<br><strong>Dire\u00e7\u00e3o de produ\u00e7\u00e3o:<\/strong> Thiago Menezes.<\/p>\n\n\n\n<h3 class=\"wp-block-heading\">Siga o elenco nas redes sociais: <\/h3>\n\n\n\n<p><a class=\"\" href=\"https:\/\/www.instagram.com\/santuccjoao\">Jo\u00e3o Santucci (diretor)<\/a>;<br><a class=\"\" href=\"https:\/\/www.instagram.com\/patriciabello\">Patr\u00edcia Bello (atriz)<\/a>;<br><a class=\"\" href=\"https:\/\/www.instagram.com\/paulamalheiroscb\">Paula Malheiros (atriz)<\/a>;<br><a class=\"\" href=\"https:\/\/www.instagram.com\/vlampert\">Victor Lampert (ator)<\/a>.<\/p>\n","protected":false},"excerpt":{"rendered":"<p>Foto\/divulga\u00e7\u00e3o \u201cS\u00f3 percebo que estou correndo quando vejo que estou caindo\u201d estreia em curta temporada no Rio de Janeiro unindo humor, brasilidade e cr\u00edtica social em uma experi\u00eancia ao ar livre. A &#8220;Escadaria Selar\u00f3n&#8221;, um dos cart\u00f5es-postais mais vibrantes do Rio, se transforma em palco para o espet\u00e1culo \u201cS\u00f3 percebo que estou correndo quando vejo [&hellip;]<\/p>\n","protected":false},"author":1441,"featured_media":12664,"comment_status":"open","ping_status":"open","sticky":false,"template":"","format":"standard","meta":{"_monsterinsights_skip_tracking":false,"_monsterinsights_sitenote_active":false,"_monsterinsights_sitenote_note":"","_monsterinsights_sitenote_category":0,"footnotes":""},"categories":[54],"tags":[1366,2877],"class_list":["post-12663","post","type-post","status-publish","format-standard","has-post-thumbnail","hentry","category-brasil","tag-riobrasil","tag-teatroderua"],"_links":{"self":[{"href":"https:\/\/cidadecult.com.br\/index.php?rest_route=\/wp\/v2\/posts\/12663","targetHints":{"allow":["GET"]}}],"collection":[{"href":"https:\/\/cidadecult.com.br\/index.php?rest_route=\/wp\/v2\/posts"}],"about":[{"href":"https:\/\/cidadecult.com.br\/index.php?rest_route=\/wp\/v2\/types\/post"}],"author":[{"embeddable":true,"href":"https:\/\/cidadecult.com.br\/index.php?rest_route=\/wp\/v2\/users\/1441"}],"replies":[{"embeddable":true,"href":"https:\/\/cidadecult.com.br\/index.php?rest_route=%2Fwp%2Fv2%2Fcomments&post=12663"}],"version-history":[{"count":1,"href":"https:\/\/cidadecult.com.br\/index.php?rest_route=\/wp\/v2\/posts\/12663\/revisions"}],"predecessor-version":[{"id":12665,"href":"https:\/\/cidadecult.com.br\/index.php?rest_route=\/wp\/v2\/posts\/12663\/revisions\/12665"}],"wp:featuredmedia":[{"embeddable":true,"href":"https:\/\/cidadecult.com.br\/index.php?rest_route=\/wp\/v2\/media\/12664"}],"wp:attachment":[{"href":"https:\/\/cidadecult.com.br\/index.php?rest_route=%2Fwp%2Fv2%2Fmedia&parent=12663"}],"wp:term":[{"taxonomy":"category","embeddable":true,"href":"https:\/\/cidadecult.com.br\/index.php?rest_route=%2Fwp%2Fv2%2Fcategories&post=12663"},{"taxonomy":"post_tag","embeddable":true,"href":"https:\/\/cidadecult.com.br\/index.php?rest_route=%2Fwp%2Fv2%2Ftags&post=12663"}],"curies":[{"name":"wp","href":"https:\/\/api.w.org\/{rel}","templated":true}]}}