{"id":12660,"date":"2025-05-21T11:59:48","date_gmt":"2025-05-21T14:59:48","guid":{"rendered":"https:\/\/cidadecult.com.br\/?p=12660"},"modified":"2025-05-21T12:00:09","modified_gmt":"2025-05-21T15:00:09","slug":"alfredo-del-penho-e-choro-livre-celebram-cartola-nos-jardins-do-ccbb-brasilia","status":"publish","type":"post","link":"https:\/\/cidadecult.com.br\/?p=12660","title":{"rendered":"Alfredo Del-Penho e Choro Livre celebram Cartola nos jardins do CCBB Bras\u00edlia"},"content":{"rendered":"\n<p><em>Foto\/divulga\u00e7\u00e3o<\/em><\/p>\n\n\n\n<p><strong>Neste domingo, 25 de maio<\/strong>, a<strong> m\u00fasica brasileira <\/strong>ocupa os jardins do <strong>Centro Cultural Banco do Brasil Bras\u00edlia<\/strong> com mais uma apresenta\u00e7\u00e3o da temporada 2024 do<strong> &#8220;Projeto cartola&#8221;<\/strong>. A partir das <strong>16h<\/strong>, o p\u00fablico poder\u00e1 aproveitar uma tarde especial com <strong>Regional Choro Livre<\/strong> e, na sequ\u00eancia, o aclamado <strong>Alfredo <\/strong><em><strong>Del-Penho<\/strong>,<\/em><strong> indicado ao <em>Grammy<\/em> Latino<\/strong> e <strong>um dos grandes nomes da nova gera\u00e7\u00e3o do samba.<\/strong><\/p>\n\n\n\n<p>Com<strong> acesso gratuito<\/strong>, mediante retirada de ingressos no<a href=\"https:\/\/www.bing.com\/alink\/link?url=https:\/\/ccbb.com.br\/&amp;source=serp-local&amp;h=hEZ\/K+6w7WkmBHp6KwMYScA7QW9UfSx3QL9Ze8kZjJo=&amp;p=lw_lstp&amp;ig=8368251989234130AA41E85775549365&amp;ypid=YN7993x15674387835096187409\"> <strong>site<\/strong> <\/a>e na bilheteria do CCBB, a programa\u00e7\u00e3o convida<strong> todas as idades <\/strong>para<strong> um encontro com o melhor da m\u00fasica popular brasileira.<\/strong><\/p>\n\n\n\n<h3 class=\"wp-block-heading\">Samba com identidade e hist\u00f3ria: <\/h3>\n\n\n\n<p><strong>O &#8220;Projeto cartola&#8221; \u00e9 uma homenagem ao mestre Agenor de Oliveira, o Cartola, um dos maiores compositores da hist\u00f3ria do pa\u00eds. <\/strong>A iniciativa prop\u00f5e manter viva sua obra e seu universo po\u00e9tico com apresenta\u00e7\u00f5es quinzenais no CCBB Bras\u00edlia, sempre aos domingos, at\u00e9 o dia <strong>3 de agosto<\/strong>. Tamb\u00e9m integra a programa\u00e7\u00e3o eventos no Clube do Choro e no Eix\u00e3o do Lazer, com agenda at\u00e9 o fim de agosto.<\/p>\n\n\n\n<p>No dia 25, a abertura fica por conta do <strong>Regional Choro Livre<\/strong>, grupo nascido no Clube do Choro de Bras\u00edlia e comandado por <strong>Reco do Bandolim<\/strong>. Em seguida, <strong>Alfredo <\/strong><em><strong>Del-Penho<\/strong><\/em> traz ao palco um show que mistura <strong>tradi\u00e7\u00e3o e renova\u00e7\u00e3o<\/strong>, uma viagem sens\u00edvel e cr\u00edtica pelo samba, com lirismo e rever\u00eancia aos cl\u00e1ssicos.<\/p>\n\n\n\n<p>Com <strong>25 anos de carreira, <em>Del-Penho<\/em><\/strong><em> <\/em>acumula mais de dez discos lan\u00e7ados, parcerias com nomes como Nei Lopes e Chico C\u00e9sar, e pr\u00eamios como o da M\u00fasica Brasileira e o Shell de Teatro. O artista tamb\u00e9m se destaca como pesquisador e diretor musical da premiada companhia <strong>Barca dos Cora\u00e7\u00f5es Partidos<\/strong>.<\/p>\n\n\n\n<h3 class=\"wp-block-heading\">Cartola em cena<\/h3>\n\n\n\n<p>Compositores como <strong>Vidal Assis<\/strong>, <strong>Nilze Carvalho<\/strong>, <strong>Moyseis Marques<\/strong>, <strong>Jo\u00e3o Cavalcanti<\/strong>, <strong>Ellen Ol\u00e9ria<\/strong>, <strong>Dhi Ribeiro<\/strong> e <strong>Teresa Lopes<\/strong> tamb\u00e9m integram a programa\u00e7\u00e3o do projeto, que valoriza a mem\u00f3ria viva do samba e a heran\u00e7a po\u00e9tica de Cartola.<\/p>\n\n\n\n<p>Cl\u00e1ssicos como <em>O Mundo \u00e9 um Moinho<\/em>, <em>As Rosas N\u00e3o Falam<\/em> e <em>Preciso Me Encontrar<\/em> s\u00e3o revisitados em arranjos contempor\u00e2neos que convidam o p\u00fablico a novas leituras de can\u00e7\u00f5es eternas.<\/p>\n\n\n\n<h3 class=\"wp-block-heading\">Acessibilidade e transporte gratuito<\/h3>\n\n\n\n<p>Para facilitar o acesso ao CCBB, a a\u00e7\u00e3o <strong>\u201cVem pro CCBB\u201d<\/strong> oferece<strong> transporte gratuito <\/strong>em van com<strong> sa\u00edda da Biblioteca Nacional.<\/strong> <strong>Os hor\u00e1rios de ida e volta s\u00e3o organizados de forma cont\u00ednua entre 12h e 21h.<\/strong> O ingresso para a van pode ser obtido no <a href=\"https:\/\/www.bing.com\/alink\/link?url=https:\/\/ccbb.com.br\/&amp;source=serp-local&amp;h=hEZ\/K+6w7WkmBHp6KwMYScA7QW9UfSx3QL9Ze8kZjJo=&amp;p=lw_lstp&amp;ig=8368251989234130AA41E85775549365&amp;ypid=YN7993x15674387835096187409\">site<\/a>, bilheteria do CCBB ou diretamente pelo QR Code presente no ve\u00edculo.<\/p>\n\n\n\n<h3 class=\"wp-block-heading\">Viva a cultura nos jardins do CCBB<\/h3>\n\n\n\n<p>Com paisagismo assinado por <strong>Alda Rabello Cunha<\/strong> e projeto arquitet\u00f4nico de <strong>Oscar Niemeyer<\/strong>, o<strong> CCBB Bras\u00edlia \u00e9 um espa\u00e7o que integra arte, natureza e viv\u00eancia. Al\u00e9m de shows, abriga exposi\u00e7\u00f5es, cinema, teatro e o programa educativo, voltado a crian\u00e7as, estudantes e visitantes espont\u00e2neos.<\/strong><\/p>\n\n\n\n<p>N\u00e3o perca a chance de vivenciar essa homenagem ao samba e \u00e0 m\u00fasica popular brasileira, com artistas de excel\u00eancia e um cen\u00e1rio ao ar livre que valoriza o<strong> encontro entre gera\u00e7\u00f5es e ritmos.<\/strong><\/p>\n\n\n\n<p><strong>PROJETO CARTOLA<\/strong>: <br>\ud83d\uddd3\ufe0f Domingo, 25 de maio;<br>\ud83d\udd53 16h;<br>\ud83d\udccd Jardins do CCBB Bras\u00edlia;<br>\ud83c\udfab Entrada gratuita \u2013 ingressos dispon\u00edveis no site e na bilheteria;<br>\ud83d\ude90 Van gratuita saindo da Biblioteca Nacional.<\/p>\n","protected":false},"excerpt":{"rendered":"<p>Foto\/divulga\u00e7\u00e3o Neste domingo, 25 de maio, a m\u00fasica brasileira ocupa os jardins do Centro Cultural Banco do Brasil Bras\u00edlia com mais uma apresenta\u00e7\u00e3o da temporada 2024 do &#8220;Projeto cartola&#8221;. A partir das 16h, o p\u00fablico poder\u00e1 aproveitar uma tarde especial com Regional Choro Livre e, na sequ\u00eancia, o aclamado Alfredo Del-Penho, indicado ao Grammy Latino [&hellip;]<\/p>\n","protected":false},"author":1441,"featured_media":12661,"comment_status":"open","ping_status":"open","sticky":false,"template":"","format":"standard","meta":{"_monsterinsights_skip_tracking":false,"_monsterinsights_sitenote_active":false,"_monsterinsights_sitenote_note":"","_monsterinsights_sitenote_category":0,"footnotes":""},"categories":[41,17,34,3],"tags":[4880,541,2251],"class_list":["post-12660","post","type-post","status-publish","format-standard","has-post-thumbnail","hentry","category-agenda","category-bsb","category-destaque","category-entertainment","tag-afredodelpenho","tag-ccbb-2","tag-ccbbbrasilia"],"_links":{"self":[{"href":"https:\/\/cidadecult.com.br\/index.php?rest_route=\/wp\/v2\/posts\/12660","targetHints":{"allow":["GET"]}}],"collection":[{"href":"https:\/\/cidadecult.com.br\/index.php?rest_route=\/wp\/v2\/posts"}],"about":[{"href":"https:\/\/cidadecult.com.br\/index.php?rest_route=\/wp\/v2\/types\/post"}],"author":[{"embeddable":true,"href":"https:\/\/cidadecult.com.br\/index.php?rest_route=\/wp\/v2\/users\/1441"}],"replies":[{"embeddable":true,"href":"https:\/\/cidadecult.com.br\/index.php?rest_route=%2Fwp%2Fv2%2Fcomments&post=12660"}],"version-history":[{"count":1,"href":"https:\/\/cidadecult.com.br\/index.php?rest_route=\/wp\/v2\/posts\/12660\/revisions"}],"predecessor-version":[{"id":12662,"href":"https:\/\/cidadecult.com.br\/index.php?rest_route=\/wp\/v2\/posts\/12660\/revisions\/12662"}],"wp:featuredmedia":[{"embeddable":true,"href":"https:\/\/cidadecult.com.br\/index.php?rest_route=\/wp\/v2\/media\/12661"}],"wp:attachment":[{"href":"https:\/\/cidadecult.com.br\/index.php?rest_route=%2Fwp%2Fv2%2Fmedia&parent=12660"}],"wp:term":[{"taxonomy":"category","embeddable":true,"href":"https:\/\/cidadecult.com.br\/index.php?rest_route=%2Fwp%2Fv2%2Fcategories&post=12660"},{"taxonomy":"post_tag","embeddable":true,"href":"https:\/\/cidadecult.com.br\/index.php?rest_route=%2Fwp%2Fv2%2Ftags&post=12660"}],"curies":[{"name":"wp","href":"https:\/\/api.w.org\/{rel}","templated":true}]}}