{"id":12657,"date":"2025-05-20T12:22:34","date_gmt":"2025-05-20T15:22:34","guid":{"rendered":"https:\/\/cidadecult.com.br\/?p=12657"},"modified":"2025-05-20T12:22:37","modified_gmt":"2025-05-20T15:22:37","slug":"df-investe-mais-de-r-2-milhoes-em-inteligencia-artificial-para-combater-incendios-no-cerrado","status":"publish","type":"post","link":"https:\/\/cidadecult.com.br\/?p=12657","title":{"rendered":"DF investe mais de R$ 2 milh\u00f5es em intelig\u00eancia artificial para combater inc\u00eandios no Cerrado"},"content":{"rendered":"\n<p><em>Foto: Paulo H. Carvalho <\/em><\/p>\n\n\n\n<p>O<strong> Distrito Federal refor\u00e7a<\/strong> a<strong> prote\u00e7\u00e3o do Cerrado<\/strong> com a<strong> segunda fase do projeto<\/strong> &#8220;<strong>Sem fogo-DF<\/strong>&#8220;, que incorpora <strong>intelig\u00eancia artificial e vis\u00e3o computacional para prevenir inc\u00eandios florestais<\/strong>. O investimento ultrapassa R$ 2 milh\u00f5es e prev\u00ea a instala\u00e7\u00e3o de novos pontos de monitoramento em \u00e1reas-chave como a <strong>Esta\u00e7\u00e3o Ecol\u00f3gica \u00c1guas Emendadas<\/strong>, o <strong>Jardim Bot\u00e2nico de Bras\u00edlia<\/strong> e a <strong>Torre do Shopping JK<\/strong>.<\/p>\n\n\n\n<p>A iniciativa, coordenada pela<strong> Secretaria do Meio Ambiente (Sema-DF)<\/strong>, visa detectar focos de inc\u00eandio em tempo real por meio de c\u00e2meras de alta tecnologia e softwares avan\u00e7ados, garantindo respostas r\u00e1pidas e eficazes das equipes de combate.<\/p>\n\n\n\n<p>A vice-governadora <strong>Celina Le\u00e3o<\/strong> destaca que a tecnologia \u00e9 fundamental para a preserva\u00e7\u00e3o ambiental e para a seguran\u00e7a das popula\u00e7\u00f5es pr\u00f3ximas:<\/p>\n\n\n\n<blockquote class=\"wp-block-quote is-layout-flow wp-block-quote-is-layout-flow\">\n<p><em>\u201cEstamos usando inova\u00e7\u00e3o para proteger nosso patrim\u00f4nio natural e quem vive ao redor dessas \u00e1reas.\u201d<\/em><\/p>\n<\/blockquote>\n\n\n\n<p>Para o secret\u00e1rio do Meio Ambiente, <strong>Gutemberg Gomes<\/strong>, a a\u00e7\u00e3o representa um avan\u00e7o importante no enfrentamento da crise clim\u00e1tica:<\/p>\n\n\n\n<blockquote class=\"wp-block-quote is-layout-flow wp-block-quote-is-layout-flow\">\n<p><em>\u201cMonitorar inc\u00eandios com intelig\u00eancia artificial \u00e9 proteger vidas, fauna, flora e o futuro do nosso bioma.\u201d<\/em><\/p>\n<\/blockquote>\n\n\n\n<p>O projeto est\u00e1 alinhado aos Objetivos de Desenvolvimento Sustent\u00e1vel (ODS) da Agenda 2030, fortalecendo a integra\u00e7\u00e3o entre ci\u00eancia, tecnologia e pol\u00edticas p\u00fablicas ambientais.<\/p>\n\n\n\n<p><strong>O edital para contrata\u00e7\u00e3o da organiza\u00e7\u00e3o que executar\u00e1 o projeto est\u00e1 aberto at\u00e9 19 de junho<\/strong>, com a sele\u00e7\u00e3o dispon\u00edvel no <a href=\"https:\/\/www.sema.df.gov.br\/\">site da Sema-DF.<\/a> Organiza\u00e7\u00f5es da sociedade civil sem fins lucrativos podem participar, desde que atuem nas \u00e1reas de meio ambiente e recursos h\u00eddricos.<\/p>\n","protected":false},"excerpt":{"rendered":"<p>Foto: Paulo H. Carvalho O Distrito Federal refor\u00e7a a prote\u00e7\u00e3o do Cerrado com a segunda fase do projeto &#8220;Sem fogo-DF&#8220;, que incorpora intelig\u00eancia artificial e vis\u00e3o computacional para prevenir inc\u00eandios florestais. O investimento ultrapassa R$ 2 milh\u00f5es e prev\u00ea a instala\u00e7\u00e3o de novos pontos de monitoramento em \u00e1reas-chave como a Esta\u00e7\u00e3o Ecol\u00f3gica \u00c1guas Emendadas, o [&hellip;]<\/p>\n","protected":false},"author":1441,"featured_media":12658,"comment_status":"open","ping_status":"open","sticky":false,"template":"","format":"standard","meta":{"_monsterinsights_skip_tracking":false,"_monsterinsights_sitenote_active":false,"_monsterinsights_sitenote_note":"","_monsterinsights_sitenote_category":0,"footnotes":""},"categories":[41,17,34],"tags":[419,491,3950,1747],"class_list":["post-12657","post","type-post","status-publish","format-standard","has-post-thumbnail","hentry","category-agenda","category-bsb","category-destaque","tag-brasiliadf-2","tag-df-2","tag-inteligenciaartificial","tag-semadf"],"_links":{"self":[{"href":"https:\/\/cidadecult.com.br\/index.php?rest_route=\/wp\/v2\/posts\/12657","targetHints":{"allow":["GET"]}}],"collection":[{"href":"https:\/\/cidadecult.com.br\/index.php?rest_route=\/wp\/v2\/posts"}],"about":[{"href":"https:\/\/cidadecult.com.br\/index.php?rest_route=\/wp\/v2\/types\/post"}],"author":[{"embeddable":true,"href":"https:\/\/cidadecult.com.br\/index.php?rest_route=\/wp\/v2\/users\/1441"}],"replies":[{"embeddable":true,"href":"https:\/\/cidadecult.com.br\/index.php?rest_route=%2Fwp%2Fv2%2Fcomments&post=12657"}],"version-history":[{"count":1,"href":"https:\/\/cidadecult.com.br\/index.php?rest_route=\/wp\/v2\/posts\/12657\/revisions"}],"predecessor-version":[{"id":12659,"href":"https:\/\/cidadecult.com.br\/index.php?rest_route=\/wp\/v2\/posts\/12657\/revisions\/12659"}],"wp:featuredmedia":[{"embeddable":true,"href":"https:\/\/cidadecult.com.br\/index.php?rest_route=\/wp\/v2\/media\/12658"}],"wp:attachment":[{"href":"https:\/\/cidadecult.com.br\/index.php?rest_route=%2Fwp%2Fv2%2Fmedia&parent=12657"}],"wp:term":[{"taxonomy":"category","embeddable":true,"href":"https:\/\/cidadecult.com.br\/index.php?rest_route=%2Fwp%2Fv2%2Fcategories&post=12657"},{"taxonomy":"post_tag","embeddable":true,"href":"https:\/\/cidadecult.com.br\/index.php?rest_route=%2Fwp%2Fv2%2Ftags&post=12657"}],"curies":[{"name":"wp","href":"https:\/\/api.w.org\/{rel}","templated":true}]}}