{"id":12612,"date":"2025-05-15T17:53:15","date_gmt":"2025-05-15T20:53:15","guid":{"rendered":"https:\/\/cidadecult.com.br\/?p=12612"},"modified":"2025-05-15T17:53:18","modified_gmt":"2025-05-15T20:53:18","slug":"rodoviaria-do-plano-piloto-vira-espaco-de-memoria-com-a-performance-voce-conheceu-a-vila-paranoa","status":"publish","type":"post","link":"https:\/\/cidadecult.com.br\/?p=12612","title":{"rendered":"Rodovi\u00e1ria do Plano Piloto vira espa\u00e7o de mem\u00f3ria com a performance \u201cVoc\u00ea conheceu a Vila Parano\u00e1?\u201d"},"content":{"rendered":"\n<h3 class=\"wp-block-heading\"><\/h3>\n\n\n\n<p>Nesta sexta-feira, 16 de maio, a agita\u00e7\u00e3o da <strong>Rodovi\u00e1ria do Plano Piloto<\/strong>, em Bras\u00edlia, vai ceder lugar \u00e0 escuta e \u00e0 mem\u00f3ria com a performance-instala\u00e7\u00e3o <strong>\u201cVoc\u00ea conheceu a Vila Parano\u00e1?\u201d<\/strong>, que acontece das <strong>15h \u00e0s 18h<\/strong>, nos pontos A08 a A10 da <strong>ala leste<\/strong>, local de embarque para o Parano\u00e1.<\/p>\n\n\n\n<figure class=\"wp-block-image size-large\"><img loading=\"lazy\" decoding=\"async\" width=\"819\" height=\"1024\" src=\"https:\/\/cidadecult.com.br\/wp-content\/uploads\/2025\/05\/memoria_1-1-819x1024.webp\" alt=\"\" class=\"wp-image-12614\" srcset=\"https:\/\/cidadecult.com.br\/wp-content\/uploads\/2025\/05\/memoria_1-1-819x1024.webp 819w, https:\/\/cidadecult.com.br\/wp-content\/uploads\/2025\/05\/memoria_1-1-240x300.webp 240w, https:\/\/cidadecult.com.br\/wp-content\/uploads\/2025\/05\/memoria_1-1-768x960.webp 768w, https:\/\/cidadecult.com.br\/wp-content\/uploads\/2025\/05\/memoria_1-1-750x938.webp 750w, https:\/\/cidadecult.com.br\/wp-content\/uploads\/2025\/05\/memoria_1-1.webp 1080w\" sizes=\"auto, (max-width: 819px) 100vw, 819px\" \/><figcaption class=\"wp-element-caption\">Cr\u00e9dito: Ana Volpe \/ Ag\u00eancia Senado<\/figcaption><\/figure>\n\n\n\n<p>A a\u00e7\u00e3o, parte do projeto <strong>Mem\u00f3ria e Afeto da Vila Parano\u00e1<\/strong>, transforma o espa\u00e7o p\u00fablico em um cen\u00e1rio afetivo e sens\u00edvel, com <strong>cadeiras, tapete, flores e uma mesa<\/strong>, evocando a intimidade de uma casa. Durante a performance, um artista convida os transeuntes a conversarem sobre o passado e o presente da regi\u00e3o do Parano\u00e1 \u2014 marcada por uma hist\u00f3ria invisibilizada desde a remo\u00e7\u00e3o da antiga <strong>Vila Parano\u00e1<\/strong>, nos anos da constru\u00e7\u00e3o de Bras\u00edlia.<\/p>\n\n\n\n<p>Al\u00e9m disso, um <strong>ator em pernas de pau<\/strong> circular\u00e1 pelo local, provocando o p\u00fablico com perguntas como <em>\u201cVoc\u00ea conheceu a Vila Parano\u00e1?\u201d<\/em> e <em>\u201cSabia que o Parano\u00e1 come\u00e7ou em outro lugar?\u201d<\/em>. Seu figurino chamativo, inspirado nos compradores de ouro dos centros urbanos, \u00e9 revestido com imagens hist\u00f3ricas e recortes de jornais da \u00e9poca, construindo um elo visual entre o passado e o presente.<\/p>\n\n\n\n<blockquote class=\"wp-block-quote is-layout-flow wp-block-quote-is-layout-flow\">\n<p>\u201cA performance busca romper a pressa do cotidiano e convidar as pessoas a uma pausa \u2014 para lembrar, ouvir e reconhecer a hist\u00f3ria daqueles que ajudaram a construir Bras\u00edlia\u201d, explica <strong>Cleber Xavier<\/strong>, idealizador da a\u00e7\u00e3o.<\/p>\n<\/blockquote>\n\n\n\n<blockquote class=\"wp-block-quote is-layout-flow wp-block-quote-is-layout-flow\">\n<p>\u201cA identidade de Bras\u00edlia n\u00e3o est\u00e1 s\u00f3 nos monumentos. Ela tamb\u00e9m vive na Igreja S\u00e3o Geraldo, no Parano\u00e1, e na hist\u00f3ria dos antigos moradores da Vila Parano\u00e1\u201d, completa o escritor e mediador de leitura <strong>Jo\u00e3o Bosco Bezerra Bonfim<\/strong>, respons\u00e1vel pelo projeto.<\/p>\n<\/blockquote>\n\n\n\n<p>O projeto \u00e9 uma iniciativa da <strong>Associa\u00e7\u00e3o Cultural Jornada Liter\u00e1ria do DF<\/strong>, em parceria com o <strong>IPHAN<\/strong>, e visa valorizar a <strong>mem\u00f3ria coletiva<\/strong>, promover <strong>educa\u00e7\u00e3o patrimonial<\/strong> e recuperar a trajet\u00f3ria de uma comunidade que teve sua hist\u00f3ria silenciada. Por meio da <strong>publica\u00e7\u00e3o de livros, v\u00eddeos e mapas afetivos<\/strong>, a proposta envolve estudantes, professores e moradores na reconstru\u00e7\u00e3o de uma identidade que resiste ao apagamento.<\/p>\n\n\n\n<hr class=\"wp-block-separator has-alpha-channel-opacity\"\/>\n\n\n\n<p><strong>Servi\u00e7o \u2013 Performance \u201cVoc\u00ea conheceu a Vila Parano\u00e1?\u201d<\/strong><br>\ud83d\udcc5 Data: Sexta-feira, 16 de maio de 2025<br>\ud83d\udd52 Hor\u00e1rio: 15h \u00e0s 18h<br>\ud83d\udccd Local: Pontos A08 a A10 \u2013 Ala Leste da Rodovi\u00e1ria do Plano Piloto, Bras\u00edlia<br>\ud83d\udcb0 Entrada gratuita<br>\ud83d\udcde Contato: Roberto De Martin \u2013 (61) 9 9559-3073<\/p>\n","protected":false},"excerpt":{"rendered":"<p>Nesta sexta-feira, 16 de maio, a agita\u00e7\u00e3o da Rodovi\u00e1ria do Plano Piloto, em Bras\u00edlia, vai ceder lugar \u00e0 escuta e \u00e0 mem\u00f3ria com a performance-instala\u00e7\u00e3o \u201cVoc\u00ea conheceu a Vila Parano\u00e1?\u201d, que acontece das 15h \u00e0s 18h, nos pontos A08 a A10 da ala leste, local de embarque para o Parano\u00e1. A a\u00e7\u00e3o, parte do projeto [&hellip;]<\/p>\n","protected":false},"author":777,"featured_media":12613,"comment_status":"open","ping_status":"open","sticky":false,"template":"","format":"standard","meta":{"_monsterinsights_skip_tracking":false,"_monsterinsights_sitenote_active":false,"_monsterinsights_sitenote_note":"","_monsterinsights_sitenote_category":0,"footnotes":""},"categories":[17],"tags":[],"class_list":["post-12612","post","type-post","status-publish","format-standard","has-post-thumbnail","hentry","category-bsb"],"_links":{"self":[{"href":"https:\/\/cidadecult.com.br\/index.php?rest_route=\/wp\/v2\/posts\/12612","targetHints":{"allow":["GET"]}}],"collection":[{"href":"https:\/\/cidadecult.com.br\/index.php?rest_route=\/wp\/v2\/posts"}],"about":[{"href":"https:\/\/cidadecult.com.br\/index.php?rest_route=\/wp\/v2\/types\/post"}],"author":[{"embeddable":true,"href":"https:\/\/cidadecult.com.br\/index.php?rest_route=\/wp\/v2\/users\/777"}],"replies":[{"embeddable":true,"href":"https:\/\/cidadecult.com.br\/index.php?rest_route=%2Fwp%2Fv2%2Fcomments&post=12612"}],"version-history":[{"count":1,"href":"https:\/\/cidadecult.com.br\/index.php?rest_route=\/wp\/v2\/posts\/12612\/revisions"}],"predecessor-version":[{"id":12615,"href":"https:\/\/cidadecult.com.br\/index.php?rest_route=\/wp\/v2\/posts\/12612\/revisions\/12615"}],"wp:featuredmedia":[{"embeddable":true,"href":"https:\/\/cidadecult.com.br\/index.php?rest_route=\/wp\/v2\/media\/12613"}],"wp:attachment":[{"href":"https:\/\/cidadecult.com.br\/index.php?rest_route=%2Fwp%2Fv2%2Fmedia&parent=12612"}],"wp:term":[{"taxonomy":"category","embeddable":true,"href":"https:\/\/cidadecult.com.br\/index.php?rest_route=%2Fwp%2Fv2%2Fcategories&post=12612"},{"taxonomy":"post_tag","embeddable":true,"href":"https:\/\/cidadecult.com.br\/index.php?rest_route=%2Fwp%2Fv2%2Ftags&post=12612"}],"curies":[{"name":"wp","href":"https:\/\/api.w.org\/{rel}","templated":true}]}}