{"id":12433,"date":"2025-05-05T13:01:52","date_gmt":"2025-05-05T16:01:52","guid":{"rendered":"https:\/\/cidadecult.com.br\/?p=12433"},"modified":"2025-05-05T13:01:54","modified_gmt":"2025-05-05T16:01:54","slug":"feira-itinerante-de-ceramica-autoral-celebra-o-dia-das-maes-com-arte-e-tradicao-na-daniel-briand","status":"publish","type":"post","link":"https:\/\/cidadecult.com.br\/?p=12433","title":{"rendered":"Feira Itinerante de Cer\u00e2mica Autoral celebra o Dia das M\u00e3es com arte e tradi\u00e7\u00e3o na Daniel Briand"},"content":{"rendered":"\n<p><em>Foto\/divulga\u00e7\u00e3o<\/em><\/p>\n\n\n\n<p>Em uma edi\u00e7\u00e3o especial dedicada ao Dia das M\u00e3es, a <strong>Feira Itinerante de Cer\u00e2mica Autoral<\/strong> chega \u00e0 charmosa confeitaria <strong>Daniel Briand P\u00e2tissier e Chocolatier<\/strong> no pr\u00f3ximo s\u00e1bado, <strong>10 de maio<\/strong>, das <strong>9h \u00e0s 18h<\/strong>, com entrada gratuita. A a\u00e7\u00e3o une a delicadeza da cer\u00e2mica artesanal \u00e0 sofistica\u00e7\u00e3o da gastronomia francesa, <strong>criando uma experi\u00eancia sensorial \u00fanica no cora\u00e7\u00e3o da Asa Norte.<\/strong><\/p>\n\n\n\n<p>A feira, que est\u00e1 em sua <strong>43\u00aa edi\u00e7\u00e3o<\/strong>, re\u00fane o trabalho de <strong>13 ceramistas locais<\/strong> e apresenta pe\u00e7as feitas \u00e0 m\u00e3o que carregam hist\u00f3rias, sentimentos e t\u00e9cnica. S\u00e3o obras utilit\u00e1rias e decorativas, como x\u00edcaras, conjuntos de caf\u00e9, vasos e esculturas, que se tornam verdadeiros presentes afetivos, ideais para homenagear as m\u00e3es.<\/p>\n\n\n\n<p>Instalada em um dos caf\u00e9s mais tradicionais de Bras\u00edlia, conhecido como um \u201c<strong>peda\u00e7o de Paris<\/strong>\u201d na cidade, a edi\u00e7\u00e3o especial promove o encontro entre arte, afeto e sabor. Fundada h\u00e1 quase 30 anos, a Daniel Briand \u00e9 reconhecida por seu ambiente acolhedor e menu que inclui del\u00edcias como croissants artesanais, doces finos e o cl\u00e1ssico <strong>confit de pato com batatas assadas e salada org\u00e2nica<\/strong>.<\/p>\n\n\n\n<p>Durante o evento, o p\u00fablico poder\u00e1 conversar com os artistas, conhecer suas t\u00e9cnicas, como o torno el\u00e9trico, o esgrafito e o acordelado e mergulhar na diversidade est\u00e9tica das cer\u00e2micas autorais. A feira valoriza o trabalho manual, o com\u00e9rcio justo e a conex\u00e3o entre criador e visitante.<\/p>\n\n\n\n<h3 class=\"wp-block-heading\">Artistas participantes:<\/h3>\n\n\n\n<p>@afago.ceramica; @andreia.akemi.cunha; @atelie.ara | @ateliecontorno | @crismartimceramica | @emana_artesania | @ladob_ceramica | @lilian.saban | @liliarosa_ceramista | @maiatucamaria | @rita_preto | @vaniaamadeudesign<\/p>\n\n\n\n<h3 class=\"wp-block-heading\">Servi\u00e7o<\/h3>\n\n\n\n<p><strong>Feira Itinerante de Cer\u00e2mica Autoral: edi\u00e7\u00e3o Dia das M\u00e3es<\/strong>! <br>\ud83d\udcc5 S\u00e1bado, 10 de maio de 2025;<br>\ud83d\udd58 Das 9h \u00e0s 18h;<br>\ud83d\udccd Daniel Briand P\u00e2tissier e Chocolatier \u2013 CLN 104, Bloco A, Asa Norte, Bras\u00edlia;<br>\ud83c\udf9f Entrada gratuita;<br>\ud83d\udcf1 Mais informa\u00e7\u00f5es: <a class=\"\" href=\"https:\/\/www.instagram.com\/feiradeceramicaautoral\">@feiradeceramicaautoral<\/a>.<\/p>\n\n\n\n<p><strong>Sobre a feira<\/strong>:<br>Criada em 2021 por ceramistas independentes, a &#8220;Feira Itinerante de Cer\u00e2mica Autoral&#8221; promove a arte feita \u00e0 m\u00e3o em caf\u00e9s, restaurantes e espa\u00e7os culturais de Bras\u00edlia. J\u00e1 foram mais de 40 ateli\u00eas reunidos em 43 edi\u00e7\u00f5es que fortalecem a produ\u00e7\u00e3o local e aproximam o p\u00fablico de cria\u00e7\u00f5es moldadas com barro, fogo e afeto.<\/p>\n","protected":false},"excerpt":{"rendered":"<p>Foto\/divulga\u00e7\u00e3o Em uma edi\u00e7\u00e3o especial dedicada ao Dia das M\u00e3es, a Feira Itinerante de Cer\u00e2mica Autoral chega \u00e0 charmosa confeitaria Daniel Briand P\u00e2tissier e Chocolatier no pr\u00f3ximo s\u00e1bado, 10 de maio, das 9h \u00e0s 18h, com entrada gratuita. A a\u00e7\u00e3o une a delicadeza da cer\u00e2mica artesanal \u00e0 sofistica\u00e7\u00e3o da gastronomia francesa, criando uma experi\u00eancia sensorial [&hellip;]<\/p>\n","protected":false},"author":1441,"featured_media":12434,"comment_status":"open","ping_status":"open","sticky":false,"template":"","format":"standard","meta":{"_monsterinsights_skip_tracking":false,"_monsterinsights_sitenote_active":false,"_monsterinsights_sitenote_note":"","_monsterinsights_sitenote_category":0,"footnotes":""},"categories":[2569],"tags":[],"class_list":["post-12433","post","type-post","status-publish","format-standard","has-post-thumbnail","hentry","category-arte"],"_links":{"self":[{"href":"https:\/\/cidadecult.com.br\/index.php?rest_route=\/wp\/v2\/posts\/12433","targetHints":{"allow":["GET"]}}],"collection":[{"href":"https:\/\/cidadecult.com.br\/index.php?rest_route=\/wp\/v2\/posts"}],"about":[{"href":"https:\/\/cidadecult.com.br\/index.php?rest_route=\/wp\/v2\/types\/post"}],"author":[{"embeddable":true,"href":"https:\/\/cidadecult.com.br\/index.php?rest_route=\/wp\/v2\/users\/1441"}],"replies":[{"embeddable":true,"href":"https:\/\/cidadecult.com.br\/index.php?rest_route=%2Fwp%2Fv2%2Fcomments&post=12433"}],"version-history":[{"count":1,"href":"https:\/\/cidadecult.com.br\/index.php?rest_route=\/wp\/v2\/posts\/12433\/revisions"}],"predecessor-version":[{"id":12435,"href":"https:\/\/cidadecult.com.br\/index.php?rest_route=\/wp\/v2\/posts\/12433\/revisions\/12435"}],"wp:featuredmedia":[{"embeddable":true,"href":"https:\/\/cidadecult.com.br\/index.php?rest_route=\/wp\/v2\/media\/12434"}],"wp:attachment":[{"href":"https:\/\/cidadecult.com.br\/index.php?rest_route=%2Fwp%2Fv2%2Fmedia&parent=12433"}],"wp:term":[{"taxonomy":"category","embeddable":true,"href":"https:\/\/cidadecult.com.br\/index.php?rest_route=%2Fwp%2Fv2%2Fcategories&post=12433"},{"taxonomy":"post_tag","embeddable":true,"href":"https:\/\/cidadecult.com.br\/index.php?rest_route=%2Fwp%2Fv2%2Ftags&post=12433"}],"curies":[{"name":"wp","href":"https:\/\/api.w.org\/{rel}","templated":true}]}}