{"id":12403,"date":"2026-01-29T15:50:30","date_gmt":"2026-01-29T18:50:30","guid":{"rendered":"https:\/\/cidadecult.com.br\/?p=12403"},"modified":"2026-01-29T15:50:21","modified_gmt":"2026-01-29T18:50:21","slug":"demos-solo-teatral-de-luca-lima-provoca-reflexao-sobre-polarizacao-e-escuta","status":"publish","type":"post","link":"https:\/\/cidadecult.com.br\/?p=12403","title":{"rendered":"DEMOS: solo teatral de Luca Lima provoca reflex\u00e3o sobre polariza\u00e7\u00e3o e escuta"},"content":{"rendered":"\n<p><em>Foto\/divulga\u00e7\u00e3o<\/em><\/p>\n\n\n\n<p><strong>A Mostra Teatral de Bras\u00edlia apresenta, em maio, o espet\u00e1culo &#8220;DEMOS&#8221;, um solo provocador escrito, concebido e interpretado por Luca Lima. Em cartaz nos dias 10, 11, 17 e 18 de maio, sempre \u00e0s 20h, no Teatro Bras\u00edlia Shopping, a montagem \u00e9 uma potente reflex\u00e3o sobre os ru\u00eddos da comunica\u00e7\u00e3o contempor\u00e2nea e os efeitos da polariza\u00e7\u00e3o social.<\/strong><\/p>\n\n\n\n<p>Com<strong> dura\u00e7\u00e3o de 40 minutos, <\/strong>o mon\u00f3logo transita entre <strong>humor, poesia e cr\u00edtica social<\/strong>, convidando o p\u00fablico a mergulhar em uma narrativa fluida que emerge de <strong>um corpo em crise diante de uma sociedade cada vez mais dividida. <\/strong>&#8220;DEMOS&#8221; foi <strong>criado em 2018<\/strong> e continua atual ao abordar a dificuldade de escuta num mundo hiperconectado.<\/p>\n\n\n\n<p><strong>Luca Lima \u00e9 bacharelando em Artes C\u00eanicas pela Universidade de Bras\u00edlia (UnB) e estudioso do Teatro Essencial, m\u00e9todo desenvolvido por Denise Stoklos, que, ali\u00e1s, reconheceu o talento de Luca como <em>&#8220;um dos melhores performers que j\u00e1 viu na vida&#8221;<\/em>. <\/strong>O artista tamb\u00e9m recebeu elogios do <strong>documentarista Vladimir Carvalho<\/strong> e da<strong> cantora l\u00edrica<\/strong> <strong>Janette Dornellas<\/strong>, consolidando-se como uma voz inovadora na cena teatral do pa\u00eds.<\/p>\n\n\n\n<p>O espet\u00e1culo j\u00e1 passou por espa\u00e7os como a <strong>Casa da Cultura Bras\u00edlia<\/strong>, o <strong>Espa\u00e7o Multicultural Casa dos Quatro<\/strong> e o <strong>Festival Internacional Denise Stoklos (FIDS)<\/strong>. A apresenta\u00e7\u00e3o conta com uma equipe dedicada \u00e0 cria\u00e7\u00e3o de elementos c\u00eanicos, ilumina\u00e7\u00e3o e sonoplastia, fortalecendo a experi\u00eancia sensorial e a pot\u00eancia da mensagem.<\/p>\n\n\n\n<h3 class=\"wp-block-heading\">Mostra teatral de Bras\u00edlia: <\/h3>\n\n\n\n<p>Com <strong>curadoria diversificada <\/strong>e <strong>foco na forma\u00e7\u00e3o de plateia, <\/strong>a &#8220;Mostra Teatral de Bras\u00edlia&#8221; \u00e9 uma realiza\u00e7\u00e3o do <strong>Minist\u00e9rio da Cultura<\/strong>, em parceria com a <strong>Estrella Cultura e Arte<\/strong> e patroc\u00ednio do <strong>Grupo Bali<\/strong>, via <strong>Lei Rouanet<\/strong>. A programa\u00e7\u00e3o segue at\u00e9 outubro de 2025 e inclui espet\u00e1culos adultos, infantis e juvenis, com <strong>ingressos gratuitos e populares<\/strong>, fortalecendo o acesso \u00e0 cultura na capital.<\/p>\n\n\n\n<h3 class=\"wp-block-heading\">\ud83d\udccc Servi\u00e7o: <\/h3>\n\n\n\n<p><strong>Espet\u00e1culo:<\/strong> DEMOS.<br><strong>Mostra Teatral de Bras\u00edlia<\/strong>;<br>\ud83d\udccd <strong>Local:<\/strong> Teatro Bras\u00edlia Shopping \u2013 SCN Q. 5, Asa Norte;<br>\ud83d\udcc5 <strong>Datas:<\/strong> 10, 11, 17 e 18 de maio (s\u00e1bados e domingos);<br>\ud83d\udd57 <strong>Hor\u00e1rio:<\/strong> 20h;<br>\u23f3 <strong>Dura\u00e7\u00e3o:<\/strong> 40 minutos;<br>\ud83d\udd1e <strong>Classifica\u00e7\u00e3o indicativa:<\/strong> 16 anos.<\/p>\n\n\n\n<p>\ud83c\udf9f\ufe0f <strong>Ingressos:<\/strong><\/p>\n\n\n\n<ul class=\"wp-block-list\">\n<li>Inteira: R$ 60;<\/li>\n\n\n\n<li>Meia: R$ 30;<\/li>\n\n\n\n<li>Populares (sujeito \u00e0 lota\u00e7\u00e3o): R$ 20 (inteira) e R$ 10 (meia);<br>\ud83d\udcbb <strong>Venda online:<\/strong> <a class=\"\" href=\"https:\/\/www.sympla.com.br\/evento\/demos-na-mostra-teatral-de-brasIlia---brasIlia-shopping\/2932690\">Sympla \u2013 DEMOS<\/a>;<br>\ud83d\udcf1 <strong>Mais informa\u00e7\u00f5es:<\/strong> <a class=\"\" href=\"https:\/\/www.instagram.com\/teatrobrasiliashopping\/\">@teatrobrasiliashopping<\/a>.<\/li>\n<\/ul>\n\n\n\n<p><strong>Realiza\u00e7\u00e3o:<\/strong> Minist\u00e9rio da Cultura e Grupo Bali;<br><strong>Produ\u00e7\u00e3o:<\/strong> Estrella Cultura e Arte;<br><strong>Patroc\u00ednio:<\/strong> Paulo Oct\u00e1vio Investimentos;<br><strong>Apoio:<\/strong> Bras\u00edlia Shopping. <\/p>\n","protected":false},"excerpt":{"rendered":"<p>Foto\/divulga\u00e7\u00e3o A Mostra Teatral de Bras\u00edlia apresenta, em maio, o espet\u00e1culo &#8220;DEMOS&#8221;, um solo provocador escrito, concebido e interpretado por Luca Lima. Em cartaz nos dias 10, 11, 17 e 18 de maio, sempre \u00e0s 20h, no Teatro Bras\u00edlia Shopping, a montagem \u00e9 uma potente reflex\u00e3o sobre os ru\u00eddos da comunica\u00e7\u00e3o contempor\u00e2nea e os efeitos [&hellip;]<\/p>\n","protected":false},"author":1441,"featured_media":12404,"comment_status":"open","ping_status":"open","sticky":false,"template":"","format":"standard","meta":{"_monsterinsights_skip_tracking":false,"_monsterinsights_sitenote_active":false,"_monsterinsights_sitenote_note":"","_monsterinsights_sitenote_category":0,"footnotes":""},"categories":[41,17,34,401],"tags":[419,640],"class_list":["post-12403","post","type-post","status-publish","format-standard","has-post-thumbnail","hentry","category-agenda","category-bsb","category-destaque","category-teatro","tag-brasiliadf-2","tag-teatro-2"],"_links":{"self":[{"href":"https:\/\/cidadecult.com.br\/index.php?rest_route=\/wp\/v2\/posts\/12403","targetHints":{"allow":["GET"]}}],"collection":[{"href":"https:\/\/cidadecult.com.br\/index.php?rest_route=\/wp\/v2\/posts"}],"about":[{"href":"https:\/\/cidadecult.com.br\/index.php?rest_route=\/wp\/v2\/types\/post"}],"author":[{"embeddable":true,"href":"https:\/\/cidadecult.com.br\/index.php?rest_route=\/wp\/v2\/users\/1441"}],"replies":[{"embeddable":true,"href":"https:\/\/cidadecult.com.br\/index.php?rest_route=%2Fwp%2Fv2%2Fcomments&post=12403"}],"version-history":[{"count":1,"href":"https:\/\/cidadecult.com.br\/index.php?rest_route=\/wp\/v2\/posts\/12403\/revisions"}],"predecessor-version":[{"id":12405,"href":"https:\/\/cidadecult.com.br\/index.php?rest_route=\/wp\/v2\/posts\/12403\/revisions\/12405"}],"wp:featuredmedia":[{"embeddable":true,"href":"https:\/\/cidadecult.com.br\/index.php?rest_route=\/wp\/v2\/media\/12404"}],"wp:attachment":[{"href":"https:\/\/cidadecult.com.br\/index.php?rest_route=%2Fwp%2Fv2%2Fmedia&parent=12403"}],"wp:term":[{"taxonomy":"category","embeddable":true,"href":"https:\/\/cidadecult.com.br\/index.php?rest_route=%2Fwp%2Fv2%2Fcategories&post=12403"},{"taxonomy":"post_tag","embeddable":true,"href":"https:\/\/cidadecult.com.br\/index.php?rest_route=%2Fwp%2Fv2%2Ftags&post=12403"}],"curies":[{"name":"wp","href":"https:\/\/api.w.org\/{rel}","templated":true}]}}