{"id":12393,"date":"2026-01-29T15:50:13","date_gmt":"2026-01-29T18:50:13","guid":{"rendered":"https:\/\/cidadecult.com.br\/?p=12393"},"modified":"2026-01-29T15:50:45","modified_gmt":"2026-01-29T18:50:45","slug":"casa-de-criatividade-e-inovacao-oficinas-de-grafite-e-culinaria-para-jovens-de-ceilandia-e-estrutural","status":"publish","type":"post","link":"https:\/\/cidadecult.com.br\/?p=12393","title":{"rendered":"Casa de Criatividade e Inova\u00e7\u00e3o: oficinas de grafite e culin\u00e1ria para jovens de Ceil\u00e2ndia e estrutural!"},"content":{"rendered":"\n<p><em>Arte\/divulga\u00e7\u00e3o<\/em><\/p>\n\n\n\n<p>A partir de<strong> maio<\/strong>, o<strong> Instituto IECAP<\/strong> d\u00e1 in\u00edcio ao projeto &#8220;<strong>Casa de criatividade e inova\u00e7\u00e3o<\/strong>&#8220;, que levar\u00e1 <strong>oficinas gratuitas de grafite e culin\u00e1ria para os alunos da rede p\u00fablica de Ceil\u00e2ndia e da Estrutural<\/strong>.<strong> A proposta \u00e9 ampliar o acesso \u00e0 cultura, despertar talentos art\u00edsticos e incentivar o empreendedorismo atrav\u00e9s da economia criativa. As atividades acontecer\u00e3o no contraturno escolar e s\u00e3o uma excelente oportunidade para os jovens se conectarem com o universo art\u00edstico, enquanto descobrem novas possibilidades profissionais.<\/strong><\/p>\n\n\n\n<h3 class=\"wp-block-heading\"><strong>Oficina de grafite com Daniel Toys<\/strong>!<\/h3>\n\n\n\n<p>O grafite ser\u00e1 explorado na oficina comandada pelo renomado artista <strong>Daniel <em>Toys<\/em><\/strong>, <strong>um dos maiores nomes da <em>&#8220;street art&#8221;<\/em> em Bras\u00edlia, com reconhecimento internacional em pa\u00edses como Alemanha, Fran\u00e7a e Reino Unido<\/strong>. <strong><em>Toys<\/em>, que come\u00e7ou sua trajet\u00f3ria aos 13 anos, trar\u00e1 sua metodologia criativa para os jovens participantes, acreditando no poder transformador da arte para mudar a realidade das comunidades e gerar oportunidades.<\/strong><\/p>\n\n\n\n<p>\u201cLevar minha experi\u00eancia e o que aprendi ao longo da minha carreira para esses jovens \u00e9 algo que me motiva profundamente. A arte pode abrir portas e criar novos caminhos para aqueles que acreditam no seu potencial\u201d, afirma o artista.<\/p>\n\n\n\n<h3 class=\"wp-block-heading\"><strong>Oficina de culin\u00e1ria<\/strong>: <\/h3>\n\n\n\n<p><strong>Al\u00e9m do grafite, o projeto tamb\u00e9m contar\u00e1 com oficinas de culin\u00e1ria, onde os jovens aprender\u00e3o t\u00e9cnicas gastron\u00f4micas e a import\u00e2ncia da gastronomia como ferramenta de gera\u00e7\u00e3o de renda e autonomia financeira. A ideia \u00e9 que, ao final das oficinas, os participantes n\u00e3o apenas adquiram novas habilidades, mas tamb\u00e9m enxerguem o potencial de transformar sua paix\u00e3o pela culin\u00e1ria em uma poss\u00edvel fonte de empreendedorismo.<\/strong><\/p>\n\n\n\n<h3 class=\"wp-block-heading\"><strong>Empreendedorismo e economia criativa<\/strong>: <\/h3>\n\n\n\n<p>Com o<strong> objetivo de promover o empreendedorismo<\/strong>, o<strong> projeto &#8220;Casa de criatividade e inova\u00e7\u00e3o&#8221; busca capacitar os jovens para enxergarem a arte e a gastronomia como \u00e1reas com grande potencial econ\u00f4mico. <\/strong>A iniciativa tem como meta <strong>incentivar a cria\u00e7\u00e3o de neg\u00f3cios pr\u00f3prios e fortalecer a economia criativa nas comunidades de Ceil\u00e2ndia e da Estrutural.<\/strong><\/p>\n\n\n\n<h3 class=\"wp-block-heading\"><strong>Exposi\u00e7\u00e3o nacional e visibilidade para os jovens artistas<\/strong>: <\/h3>\n\n\n\n<p>A grande exposi\u00e7\u00e3o de encerramento do projeto ser\u00e1 realizada em<strong> Goi\u00e2nia, na Vila dos Sert\u00f5es<\/strong>, durante o<strong> evento de abertura do &#8220;<em>Rally<\/em> dos Sert\u00f5es 2025&#8243;.<\/strong> Essa ser\u00e1 uma oportunidade \u00fanica para que as obras dos jovens artistas ganhem visibilidade no cen\u00e1rio nacional.<\/p>\n\n\n\n<h3 class=\"wp-block-heading\"><strong>Impacto social e cultural<\/strong>! <\/h3>\n\n\n\n<p><strong>Em sua primeira edi\u00e7\u00e3o, realizada em 2019, o projeto impactou 300 jovens com oficinas de artesanato, grafite, doces, e muito mais.<\/strong> Al\u00e9m das<strong> atividades criativas<\/strong>, <strong>o projeto oferece um interc\u00e2mbio cultural com profissionais renomados<\/strong>, como o estilista Ronaldo Fraga, e com empreendedores locais, estimulando a troca de experi\u00eancias e o crescimento pessoal e profissional.<\/p>\n\n\n\n<p>O <strong>Instituto IECAP<\/strong>, com<strong> mais de 24 anos de atua\u00e7\u00e3o, <\/strong>\u00e9 <strong>respons\u00e1vel pela realiza\u00e7\u00e3o do projeto,<\/strong> que <strong>busca impactar mais de 150 estudantes em sua edi\u00e7\u00e3o de 2024. Com foco na inclus\u00e3o social, educa\u00e7\u00e3o e empreendedorismo, o IECAP leva sua miss\u00e3o de promover a cultura e a arte para comunidades em situa\u00e7\u00e3o de vulnerabilidade, oferecendo novas oportunidades e perspectivas para jovens das regi\u00f5es de Ceil\u00e2ndia e Estrutural.<\/strong><\/p>\n\n\n\n<p>Essa iniciativa \u00e9 mais uma oportunidade para fortalecer a cena cultural de Bras\u00edlia, incentivando a criatividade e o empreendedorismo como instrumentos de transforma\u00e7\u00e3o social.<\/p>\n","protected":false},"excerpt":{"rendered":"<p>Arte\/divulga\u00e7\u00e3o A partir de maio, o Instituto IECAP d\u00e1 in\u00edcio ao projeto &#8220;Casa de criatividade e inova\u00e7\u00e3o&#8220;, que levar\u00e1 oficinas gratuitas de grafite e culin\u00e1ria para os alunos da rede p\u00fablica de Ceil\u00e2ndia e da Estrutural. A proposta \u00e9 ampliar o acesso \u00e0 cultura, despertar talentos art\u00edsticos e incentivar o empreendedorismo atrav\u00e9s da economia criativa. [&hellip;]<\/p>\n","protected":false},"author":1441,"featured_media":12394,"comment_status":"open","ping_status":"open","sticky":false,"template":"","format":"standard","meta":{"_monsterinsights_skip_tracking":false,"_monsterinsights_sitenote_active":false,"_monsterinsights_sitenote_note":"","_monsterinsights_sitenote_category":0,"footnotes":""},"categories":[41,17,34],"tags":[4802],"class_list":["post-12393","post","type-post","status-publish","format-standard","has-post-thumbnail","hentry","category-agenda","category-bsb","category-destaque","tag-casadacriatividadeeinovacao"],"_links":{"self":[{"href":"https:\/\/cidadecult.com.br\/index.php?rest_route=\/wp\/v2\/posts\/12393","targetHints":{"allow":["GET"]}}],"collection":[{"href":"https:\/\/cidadecult.com.br\/index.php?rest_route=\/wp\/v2\/posts"}],"about":[{"href":"https:\/\/cidadecult.com.br\/index.php?rest_route=\/wp\/v2\/types\/post"}],"author":[{"embeddable":true,"href":"https:\/\/cidadecult.com.br\/index.php?rest_route=\/wp\/v2\/users\/1441"}],"replies":[{"embeddable":true,"href":"https:\/\/cidadecult.com.br\/index.php?rest_route=%2Fwp%2Fv2%2Fcomments&post=12393"}],"version-history":[{"count":2,"href":"https:\/\/cidadecult.com.br\/index.php?rest_route=\/wp\/v2\/posts\/12393\/revisions"}],"predecessor-version":[{"id":12396,"href":"https:\/\/cidadecult.com.br\/index.php?rest_route=\/wp\/v2\/posts\/12393\/revisions\/12396"}],"wp:featuredmedia":[{"embeddable":true,"href":"https:\/\/cidadecult.com.br\/index.php?rest_route=\/wp\/v2\/media\/12394"}],"wp:attachment":[{"href":"https:\/\/cidadecult.com.br\/index.php?rest_route=%2Fwp%2Fv2%2Fmedia&parent=12393"}],"wp:term":[{"taxonomy":"category","embeddable":true,"href":"https:\/\/cidadecult.com.br\/index.php?rest_route=%2Fwp%2Fv2%2Fcategories&post=12393"},{"taxonomy":"post_tag","embeddable":true,"href":"https:\/\/cidadecult.com.br\/index.php?rest_route=%2Fwp%2Fv2%2Ftags&post=12393"}],"curies":[{"name":"wp","href":"https:\/\/api.w.org\/{rel}","templated":true}]}}