{"id":12284,"date":"2025-04-24T11:19:25","date_gmt":"2025-04-24T14:19:25","guid":{"rendered":"https:\/\/cidadecult.com.br\/?p=12284"},"modified":"2025-04-24T11:24:24","modified_gmt":"2025-04-24T14:24:24","slug":"premio-candango-de-literatura-abre-nova-edicao-com-r-195-mil-em-premiacoes","status":"publish","type":"post","link":"https:\/\/cidadecult.com.br\/?p=12284","title":{"rendered":"Pr\u00eamio Candango de Literatura abre nova edi\u00e7\u00e3o com R$ 195 mil em premia\u00e7\u00f5es!"},"content":{"rendered":"\n<p>Foto\/divulga\u00e7\u00e3o<\/p>\n\n\n\n<p><strong>Bras\u00edlia <\/strong>se prepara para mais <strong>uma grande celebra\u00e7\u00e3o da literatura em l\u00edngua portuguesa. <\/strong>A <strong>segunda edi\u00e7\u00e3o do &#8220;Pr\u00eamio Candango de Literatura&#8221; <\/strong>j\u00e1 tem data marcada: o lan\u00e7amento ser\u00e1 no dia <strong>9 de maio<\/strong>, \u00e0s<strong> 19h<\/strong>, na <strong>Sala Martins Pena<\/strong>, no<strong> Teatro Nacional Claudio Santoro<\/strong>, e promete reunir <strong>escritores, editores, <em>designers<\/em>, leitores e apaixonados por livros.<\/strong><\/p>\n\n\n\n<p>Com <strong>inscri\u00e7\u00f5es abertas<\/strong> de <strong>10 de maio a 25 de junho<\/strong>, o pr\u00eamio \u00e9 uma realiza\u00e7\u00e3o da <strong>Secretaria de Cultura e Economia Criativa do DF (Secec)<\/strong>, em parceria com o <strong>Instituto Casa de Autores<\/strong>, e reconhece obras publicadas em <strong>2024<\/strong> nos pa\u00edses de l\u00edngua portuguesa. E o melhor: <strong>a participa\u00e7\u00e3o \u00e9 gratuita<\/strong>.<\/p>\n\n\n\n<h3 class=\"wp-block-heading\">Sete categorias, uma l\u00edngua que conecta mundos: <\/h3>\n\n\n\n<p><strong>O &#8220;Pr\u00eamio Candango&#8221; vai muito al\u00e9m da escrita<\/strong>, ele valoriza tamb\u00e9m o projeto gr\u00e1fico, o <em>design<\/em> e a\u00e7\u00f5es que promovem o <strong>acesso \u00e0 leitura<\/strong>. No total, s\u00e3o <strong>sete categorias<\/strong>:<\/p>\n\n\n\n<p>\ud83d\udcda <strong>Melhor romance<\/strong>;<br>\ud83d\udcd6 <strong>Melhor livro de contos<\/strong>;<br>\u270d\ufe0f <strong>Melhor livro de poesia<\/strong>;<br>\ud83c\udfdb\ufe0f <strong>Pr\u00eamio Bras\u00edlia<\/strong> (para autores nascidos ou residentes no DF);<br>\ud83c\udfa8 <strong>Melhor capa<\/strong>;<br>\ud83d\udd8b\ufe0f <strong>Melhor projeto gr\u00e1fico<\/strong>;<br>\ud83d\udcda <strong>Melhor iniciativa de incentivo \u00e0 leitura<\/strong> (inclusive para o p\u00fablico PCD).<\/p>\n\n\n\n<h3 class=\"wp-block-heading\">Quem decide?<\/h3>\n\n\n\n<p>A curadoria desta edi\u00e7\u00e3o est\u00e1 nas m\u00e3os de <strong>Jo\u00e3o Anzanello Carrascoza<\/strong>, premiado<strong> escritor <\/strong>e<strong> professor,<\/strong> reconhecido como <strong>um dos maiores contistas da atualidade<\/strong>. Ele foi<em> vencedor na primeira edi\u00e7\u00e3o<\/em> e agora retorna como <strong>curador <\/strong>para ajudar a revelar novos talentos e destacar obras que merecem ser lidas, relidas e celebradas.<\/p>\n\n\n\n<h3 class=\"wp-block-heading\">Lan\u00e7amento com m\u00fasica e emo\u00e7\u00e3o! <\/h3>\n\n\n\n<p>A noite de abertura tamb\u00e9m ser\u00e1 um tributo ao<strong> cantor, compositor e professor Clodo Ferreira (1951\u20132024)<\/strong>. No show \u201c<strong>Clodo Ferreira: exist\u00eancia<\/strong>\u201d, <strong>os filhos Jo\u00e3o e Pedro Ferreira homenageiam a trajet\u00f3ria do artista com can\u00e7\u00f5es autorais, mem\u00f3rias afetivas e parcerias marcantes.<\/strong><\/p>\n\n\n\n<h3 class=\"wp-block-heading\">Prepare sua obra e participe!<\/h3>\n\n\n\n<p><strong>Se voc\u00ea lan\u00e7ou um livro em 2024, mora em um pa\u00eds de l\u00edngua portuguesa ou atua com projetos de leitura, esta \u00e9 a sua chance. O &#8220;Pr\u00eamio Candango de Literatura&#8221; \u00e9 uma vitrine de visibilidade, reconhecimento e conex\u00e3o entre culturas unidas pela l\u00edngua portuguesa.<\/strong><\/p>\n\n\n\n<h3 class=\"wp-block-heading\">SERVI\u00c7O: <\/h3>\n\n\n\n<p>\ud83d\udccc <strong>2\u00ba Pr\u00eamio Candango de Literatura-<\/strong><br>\ud83c\udfa4 Lan\u00e7amento: 9 de maio, \u00e0s 19h;<br>\ud83d\udccd Teatro Nacional Claudio Santoro \u2013 Sala Martins Pena;<br>\ud83d\uddd3\ufe0f Inscri\u00e7\u00f5es: de 10 de maio a 25 de junho;<br>\ud83d\udcb0 Premia\u00e7\u00e3o total: R$ 195 mil;<br>\ud83c\udf10 Regulamento e detalhes: <a class=\"\" href=\"https:\/\/www.premiocandangodeliteratura.com.br\">premiocandangodeliteratura.com.br<\/a>;<br>\ud83d\udcf2 Redes sociais: @premiocandangodeliteratura.<\/p>\n","protected":false},"excerpt":{"rendered":"<p>Foto\/divulga\u00e7\u00e3o Bras\u00edlia se prepara para mais uma grande celebra\u00e7\u00e3o da literatura em l\u00edngua portuguesa. A segunda edi\u00e7\u00e3o do &#8220;Pr\u00eamio Candango de Literatura&#8221; j\u00e1 tem data marcada: o lan\u00e7amento ser\u00e1 no dia 9 de maio, \u00e0s 19h, na Sala Martins Pena, no Teatro Nacional Claudio Santoro, e promete reunir escritores, editores, designers, leitores e apaixonados por [&hellip;]<\/p>\n","protected":false},"author":1441,"featured_media":12285,"comment_status":"open","ping_status":"open","sticky":false,"template":"","format":"standard","meta":{"_monsterinsights_skip_tracking":false,"_monsterinsights_sitenote_active":false,"_monsterinsights_sitenote_note":"","_monsterinsights_sitenote_category":0,"footnotes":""},"categories":[41,17,34,300],"tags":[449,4764],"class_list":["post-12284","post","type-post","status-publish","format-standard","has-post-thumbnail","hentry","category-agenda","category-bsb","category-destaque","category-literatura","tag-literatura","tag-premiocandango"],"_links":{"self":[{"href":"https:\/\/cidadecult.com.br\/index.php?rest_route=\/wp\/v2\/posts\/12284","targetHints":{"allow":["GET"]}}],"collection":[{"href":"https:\/\/cidadecult.com.br\/index.php?rest_route=\/wp\/v2\/posts"}],"about":[{"href":"https:\/\/cidadecult.com.br\/index.php?rest_route=\/wp\/v2\/types\/post"}],"author":[{"embeddable":true,"href":"https:\/\/cidadecult.com.br\/index.php?rest_route=\/wp\/v2\/users\/1441"}],"replies":[{"embeddable":true,"href":"https:\/\/cidadecult.com.br\/index.php?rest_route=%2Fwp%2Fv2%2Fcomments&post=12284"}],"version-history":[{"count":1,"href":"https:\/\/cidadecult.com.br\/index.php?rest_route=\/wp\/v2\/posts\/12284\/revisions"}],"predecessor-version":[{"id":12286,"href":"https:\/\/cidadecult.com.br\/index.php?rest_route=\/wp\/v2\/posts\/12284\/revisions\/12286"}],"wp:featuredmedia":[{"embeddable":true,"href":"https:\/\/cidadecult.com.br\/index.php?rest_route=\/wp\/v2\/media\/12285"}],"wp:attachment":[{"href":"https:\/\/cidadecult.com.br\/index.php?rest_route=%2Fwp%2Fv2%2Fmedia&parent=12284"}],"wp:term":[{"taxonomy":"category","embeddable":true,"href":"https:\/\/cidadecult.com.br\/index.php?rest_route=%2Fwp%2Fv2%2Fcategories&post=12284"},{"taxonomy":"post_tag","embeddable":true,"href":"https:\/\/cidadecult.com.br\/index.php?rest_route=%2Fwp%2Fv2%2Ftags&post=12284"}],"curies":[{"name":"wp","href":"https:\/\/api.w.org\/{rel}","templated":true}]}}