{"id":12169,"date":"2025-04-14T11:48:40","date_gmt":"2025-04-14T14:48:40","guid":{"rendered":"https:\/\/cidadecult.com.br\/?p=12169"},"modified":"2025-04-14T11:48:41","modified_gmt":"2025-04-14T14:48:41","slug":"brasil-conquista-o-sul-americano-sub-17-com-vitoria-nos-penaltis","status":"publish","type":"post","link":"https:\/\/cidadecult.com.br\/?p=12169","title":{"rendered":"Brasil conquista o Sul-Americano Sub-17 com vit\u00f3ria nos p\u00eanaltis!"},"content":{"rendered":"\n<p><em>Foto: Nelson Terme<\/em><\/p>\n\n\n\n<p><strong>O futebol brasileiro segue fazendo hist\u00f3ria.<\/strong> <strong>Ontem (13), a Sele\u00e7\u00e3o Brasileira Sub-17 conquistou o t\u00edtulo do Campeonato Sul-Americano da categoria ao derrotar a Col\u00f4mbia por 4 a 1 nos p\u00eanaltis, ap\u00f3s empate em 1 a 1 no tempo regulamentar. <\/strong>A decis\u00e3o aconteceu no <strong>Est\u00e1dio Ol\u00edmpico Jaime Mor\u00f3n Le\u00f3n, <\/strong>em <strong>Cartagena<\/strong>, e marcou a<strong> 14\u00aa conquista brasileira<\/strong> na competi\u00e7\u00e3o.<\/p>\n\n\n\n<p>A equipe comandada por <strong>Dudu Patetuci<\/strong> teve uma campanha s\u00f3lida e invicta: empatou com o Uruguai (1 a 1) na estreia, venceu a Bol\u00edvia (3 a 0), a Venezuela (1 a 0) e o Equador (3 a 2) na fase de grupos, e superou o Chile por 1 a 0 na semifinal.<\/p>\n\n\n\n<p>Na grande final, a Col\u00f4mbia saiu na frente aos 40 minutos do primeiro tempo com gol de Sevillano. Mas o Brasil reagiu no fim: aos 42 minutos do segundo tempo, Angelo marcou de cabe\u00e7a e levou a partida para os p\u00eanaltis.<\/p>\n\n\n\n<p>Na disputa decisiva, os brasileiros mostraram frieza. Gustavo Gomes, Tiago, Ruan Pablo e Dell converteram suas cobran\u00e7as, enquanto os colombianos desperdi\u00e7aram duas chances \u2013 uma delas parando na trave e a outra defendida pelo goleiro Arthur.<\/p>\n\n\n\n<p>Com mais essa conquista, o Brasil reafirma sua for\u00e7a nas categorias de base e mant\u00e9m a tradi\u00e7\u00e3o de revelar talentos para o futuro do futebol.<\/p>\n","protected":false},"excerpt":{"rendered":"<p>Foto: Nelson Terme O futebol brasileiro segue fazendo hist\u00f3ria. Ontem (13), a Sele\u00e7\u00e3o Brasileira Sub-17 conquistou o t\u00edtulo do Campeonato Sul-Americano da categoria ao derrotar a Col\u00f4mbia por 4 a 1 nos p\u00eanaltis, ap\u00f3s empate em 1 a 1 no tempo regulamentar. A decis\u00e3o aconteceu no Est\u00e1dio Ol\u00edmpico Jaime Mor\u00f3n Le\u00f3n, em Cartagena, e marcou [&hellip;]<\/p>\n","protected":false},"author":1441,"featured_media":12170,"comment_status":"open","ping_status":"open","sticky":false,"template":"","format":"standard","meta":{"_monsterinsights_skip_tracking":false,"_monsterinsights_sitenote_active":false,"_monsterinsights_sitenote_note":"","_monsterinsights_sitenote_category":0,"footnotes":""},"categories":[1],"tags":[],"class_list":["post-12169","post","type-post","status-publish","format-standard","has-post-thumbnail","hentry","category-sem-categoria"],"_links":{"self":[{"href":"https:\/\/cidadecult.com.br\/index.php?rest_route=\/wp\/v2\/posts\/12169","targetHints":{"allow":["GET"]}}],"collection":[{"href":"https:\/\/cidadecult.com.br\/index.php?rest_route=\/wp\/v2\/posts"}],"about":[{"href":"https:\/\/cidadecult.com.br\/index.php?rest_route=\/wp\/v2\/types\/post"}],"author":[{"embeddable":true,"href":"https:\/\/cidadecult.com.br\/index.php?rest_route=\/wp\/v2\/users\/1441"}],"replies":[{"embeddable":true,"href":"https:\/\/cidadecult.com.br\/index.php?rest_route=%2Fwp%2Fv2%2Fcomments&post=12169"}],"version-history":[{"count":1,"href":"https:\/\/cidadecult.com.br\/index.php?rest_route=\/wp\/v2\/posts\/12169\/revisions"}],"predecessor-version":[{"id":12171,"href":"https:\/\/cidadecult.com.br\/index.php?rest_route=\/wp\/v2\/posts\/12169\/revisions\/12171"}],"wp:featuredmedia":[{"embeddable":true,"href":"https:\/\/cidadecult.com.br\/index.php?rest_route=\/wp\/v2\/media\/12170"}],"wp:attachment":[{"href":"https:\/\/cidadecult.com.br\/index.php?rest_route=%2Fwp%2Fv2%2Fmedia&parent=12169"}],"wp:term":[{"taxonomy":"category","embeddable":true,"href":"https:\/\/cidadecult.com.br\/index.php?rest_route=%2Fwp%2Fv2%2Fcategories&post=12169"},{"taxonomy":"post_tag","embeddable":true,"href":"https:\/\/cidadecult.com.br\/index.php?rest_route=%2Fwp%2Fv2%2Ftags&post=12169"}],"curies":[{"name":"wp","href":"https:\/\/api.w.org\/{rel}","templated":true}]}}