{"id":11998,"date":"2025-03-31T12:45:40","date_gmt":"2025-03-31T15:45:40","guid":{"rendered":"https:\/\/cidadecult.com.br\/?p=11998"},"modified":"2025-03-31T12:45:42","modified_gmt":"2025-03-31T15:45:42","slug":"theatro-municipal-do-rio-aposta-em-democratizacao-cultural-na-temporada-2025","status":"publish","type":"post","link":"https:\/\/cidadecult.com.br\/?p=11998","title":{"rendered":"Theatro Municipal do Rio aposta em democratiza\u00e7\u00e3o cultural na temporada 2025"},"content":{"rendered":"\n<p><em>Foto: T\u00e2nia Rego <\/em><\/p>\n\n\n\n<p>O Theatro Municipal do Rio de Janeiro, uma das mais importantes casas de espet\u00e1culo do Brasil, anunciou sua programa\u00e7\u00e3o para a temporada 2025 com foco na populariza\u00e7\u00e3o da cultura. A iniciativa busca aproximar o p\u00fablico da m\u00fasica de concerto, do bal\u00e9 e da \u00f3pera, oferecendo ingressos a pre\u00e7os acess\u00edveis, a partir de R$ 7,50 (meia-entrada) at\u00e9 R$ 90.<\/p>\n\n\n\n<p>A programa\u00e7\u00e3o inclui grandes nomes da m\u00fasica cl\u00e1ssica, como Beethoven, Mozart, Tchaikovsky e Villa-Lobos, al\u00e9m de espet\u00e1culos de bal\u00e9 consagrados, como <em>O Lago dos Cisnes<\/em> e <em>O Quebra-Nozes<\/em>. Um dos destaques \u00e9 a homenagem \u00e0 pintora mexicana Frida Kahlo.<\/p>\n\n\n\n<p><strong>Concertos did\u00e1ticos e acesso ampliado<\/strong><\/p>\n\n\n\n<p>Para tornar a m\u00fasica cl\u00e1ssica mais acess\u00edvel, o Theatro Municipal tamb\u00e9m promove concertos did\u00e1ticos, que incluem explica\u00e7\u00f5es sobre as obras e os instrumentos utilizados. O maestro Felipe Prazeres destaca que essas sess\u00f5es estimulam a sensibilidade, a criatividade e o pensamento cr\u00edtico do p\u00fablico, incluindo crian\u00e7as e jovens.<\/p>\n\n\n\n<p><strong>Projetos gratuitos e inclusivos<\/strong><\/p>\n\n\n\n<p>A presidente da funda\u00e7\u00e3o que administra o teatro, Clara Paulino, enfatiza que a institui\u00e7\u00e3o est\u00e1 investindo na democratiza\u00e7\u00e3o da cultura com apresenta\u00e7\u00f5es gratuitas e projetos sociais. Entre as iniciativas, est\u00e1 a retomada do <em>Projeto \u00d3pera ao Meio-Dia<\/em>, que oferece apresenta\u00e7\u00f5es quinzenais na escadaria do teatro, buscando atrair o p\u00fablico que transita na regi\u00e3o no hor\u00e1rio do almo\u00e7o. O Theatro tamb\u00e9m promove oficinas e visitas guiadas.<\/p>\n\n\n\n<p><strong>Destaques da temporada 2025<\/strong><\/p>\n\n\n\n<ul class=\"wp-block-list\">\n<li><strong>Mar\u00e7o<\/strong>: Concerto did\u00e1tico com obras de Bach, Mozart, Tchaikovsky, Beethoven, Vivaldi e Villa-Lobos.<\/li>\n\n\n\n<li><strong>Abril<\/strong>: Nova montagem da opereta <em>A Vi\u00fava Alegre<\/em>, de Franz Lehar.<\/li>\n\n\n\n<li><strong>Maio<\/strong>: <em>O Lago dos Cisnes<\/em>, de Tchaikovsky.<\/li>\n\n\n\n<li><strong>Julho<\/strong>: Anivers\u00e1rio de 116 anos do Theatro com a \u00f3pera <em>Os Pescadores de P\u00e9rolas<\/em>, de Bizet. No dia 14, entrada gratuita.<\/li>\n\n\n\n<li><strong>Setembro<\/strong>: <em>Festival Oficina da \u00d3pera<\/em>, dedicado a novos talentos, encerrando com <em>Carmina Burana<\/em>, de Carl Orff.<\/li>\n\n\n\n<li><strong>Outubro<\/strong>: Espet\u00e1culo <em>Frida<\/em> e o concerto <em>Fran\u00e7a: Brasil<\/em>, com participa\u00e7\u00e3o de jovens selecionados pela \u00d3pera de Paris.<\/li>\n\n\n\n<li><strong>Novembro<\/strong>: \u00d3pera <em>Madama Butterfly<\/em>, de Puccini.<\/li>\n\n\n\n<li><strong>Dezembro<\/strong>: <em>O Quebra-Nozes<\/em>, de Tchaikovsky, com Ballet, Coro e Orquestra Sinf\u00f4nica do Theatro Municipal.<\/li>\n<\/ul>\n\n\n\n<p>Os ingressos est\u00e3o dispon\u00edveis na bilheteria do Theatro Municipal e pelo site oficial. A programa\u00e7\u00e3o refor\u00e7a o compromisso da institui\u00e7\u00e3o com a inclus\u00e3o cultural e o acesso \u00e0s artes.<\/p>\n","protected":false},"excerpt":{"rendered":"<p>Foto: T\u00e2nia Rego O Theatro Municipal do Rio de Janeiro, uma das mais importantes casas de espet\u00e1culo do Brasil, anunciou sua programa\u00e7\u00e3o para a temporada 2025 com foco na populariza\u00e7\u00e3o da cultura. A iniciativa busca aproximar o p\u00fablico da m\u00fasica de concerto, do bal\u00e9 e da \u00f3pera, oferecendo ingressos a pre\u00e7os acess\u00edveis, a partir de [&hellip;]<\/p>\n","protected":false},"author":1441,"featured_media":12001,"comment_status":"open","ping_status":"open","sticky":false,"template":"","format":"standard","meta":{"_monsterinsights_skip_tracking":false,"_monsterinsights_sitenote_active":false,"_monsterinsights_sitenote_note":"","_monsterinsights_sitenote_category":0,"footnotes":""},"categories":[1],"tags":[],"class_list":["post-11998","post","type-post","status-publish","format-standard","has-post-thumbnail","hentry","category-sem-categoria"],"_links":{"self":[{"href":"https:\/\/cidadecult.com.br\/index.php?rest_route=\/wp\/v2\/posts\/11998","targetHints":{"allow":["GET"]}}],"collection":[{"href":"https:\/\/cidadecult.com.br\/index.php?rest_route=\/wp\/v2\/posts"}],"about":[{"href":"https:\/\/cidadecult.com.br\/index.php?rest_route=\/wp\/v2\/types\/post"}],"author":[{"embeddable":true,"href":"https:\/\/cidadecult.com.br\/index.php?rest_route=\/wp\/v2\/users\/1441"}],"replies":[{"embeddable":true,"href":"https:\/\/cidadecult.com.br\/index.php?rest_route=%2Fwp%2Fv2%2Fcomments&post=11998"}],"version-history":[{"count":1,"href":"https:\/\/cidadecult.com.br\/index.php?rest_route=\/wp\/v2\/posts\/11998\/revisions"}],"predecessor-version":[{"id":12002,"href":"https:\/\/cidadecult.com.br\/index.php?rest_route=\/wp\/v2\/posts\/11998\/revisions\/12002"}],"wp:featuredmedia":[{"embeddable":true,"href":"https:\/\/cidadecult.com.br\/index.php?rest_route=\/wp\/v2\/media\/12001"}],"wp:attachment":[{"href":"https:\/\/cidadecult.com.br\/index.php?rest_route=%2Fwp%2Fv2%2Fmedia&parent=11998"}],"wp:term":[{"taxonomy":"category","embeddable":true,"href":"https:\/\/cidadecult.com.br\/index.php?rest_route=%2Fwp%2Fv2%2Fcategories&post=11998"},{"taxonomy":"post_tag","embeddable":true,"href":"https:\/\/cidadecult.com.br\/index.php?rest_route=%2Fwp%2Fv2%2Ftags&post=11998"}],"curies":[{"name":"wp","href":"https:\/\/api.w.org\/{rel}","templated":true}]}}