{"id":11862,"date":"2025-03-25T12:07:36","date_gmt":"2025-03-25T15:07:36","guid":{"rendered":"https:\/\/cidadecult.com.br\/?p=11862"},"modified":"2025-03-25T12:07:37","modified_gmt":"2025-03-25T15:07:37","slug":"vacinacao-contra-a-gripe-comeca-no-df-proteja-se-e-garanta-sua-dose","status":"publish","type":"post","link":"https:\/\/cidadecult.com.br\/?p=11862","title":{"rendered":"Vacina\u00e7\u00e3o contra a gripe come\u00e7a no DF: proteja-se e garanta sua dose!"},"content":{"rendered":"\n<p><em>Foto: Sandro Ara\u00fajo <\/em><\/p>\n\n\n\n<p>A vacina\u00e7\u00e3o contra a gripe come\u00e7ou <strong>esta semana<\/strong> no<strong> Distrito Federal<\/strong>, com o <strong>objetivo de proteger a popula\u00e7\u00e3o contra os v\u00edrus da influenza.<\/strong> O primeiro lote conta com 80 mil doses, distribu\u00eddas em mais de 100 salas de vacina\u00e7\u00e3o em unidades b\u00e1sicas de sa\u00fade (UBSs) em toda a cidade. A previs\u00e3o \u00e9 que mais de 1,2 milh\u00e3o de pessoas, que fazem parte dos grupos priorit\u00e1rios, tenham acesso \u00e0 imuniza\u00e7\u00e3o.<\/p>\n\n\n\n<p><strong>Quem deve se vacinar?<\/strong><\/p>\n\n\n\n<p>Est\u00e3o entre os grupos priorit\u00e1rios para a vacina contra a gripe:<\/p>\n\n\n\n<ul class=\"wp-block-list\">\n<li>Idosos com 60 anos ou mais;<\/li>\n\n\n\n<li>Crian\u00e7as de 6 meses a 5 anos e 11 meses;<\/li>\n\n\n\n<li>Gestantes;<\/li>\n\n\n\n<li>Professores das redes p\u00fablicas e privadas. <\/li>\n<\/ul>\n\n\n\n<p>A vacina\u00e7\u00e3o \u00e9 uma a\u00e7\u00e3o importante para prevenir complica\u00e7\u00f5es graves e interna\u00e7\u00f5es causadas pela influenza. <strong>Segundo o secret\u00e1rio de Sa\u00fade, Juracy Lacerda Cavalcante J\u00fanior, <em>\u201ca vacina\u00e7\u00e3o \u00e9 fundamental para a prote\u00e7\u00e3o individual e coletiva\u201d.<\/em><\/strong><\/p>\n\n\n\n<p><strong>Por que se vacinar?<\/strong><\/p>\n\n\n\n<p><strong>A vacina contra a gripe \u00e9 atualizada anualmente<\/strong> para garantir prote\u00e7\u00e3o contra os v\u00edrus H1N1, H3N2 e B. <strong>Mesmo quem se vacinou nos anos anteriores, deve garantir a dose atualizada, que pode ser administrada junto a outras vacinas do calend\u00e1rio de rotina.<\/strong><\/p>\n\n\n\n<p>Estudos indicam que a vacina reduz em at\u00e9 35% o risco de hospitaliza\u00e7\u00e3o em pessoas do grupo de risco. <strong>A imuniza\u00e7\u00e3o \u00e9 essencial para manter a sa\u00fade da popula\u00e7\u00e3o, especialmente para os mais vulner\u00e1veis, como idosos, crian\u00e7as e pessoas com comorbidades.<\/strong><\/p>\n\n\n\n<p><strong>Como se vacinar?<\/strong><\/p>\n\n\n\n<p>Para garantir a sua dose, basta se dirigir a uma UBS, levando um documento de identidade, caderneta de vacina\u00e7\u00e3o e, se poss\u00edvel, comprovante da situa\u00e7\u00e3o m\u00e9dica ou profissional (como crach\u00e1 ou contracheque, conforme o caso).<\/p>\n\n\n\n<p><strong>N\u00e3o perca a oportunidade de se proteger contra a gripe!<\/strong>. <strong>Procure a UBS mais pr\u00f3xima e cuide de sua sa\u00fade e da de todos ao seu redor.<\/strong><\/p>\n\n\n\n<p><strong>Onde vacinar?<\/strong> <strong>confira a lista das UBSs e seus hor\u00e1rios de atendimento no site da Secretaria de Sa\u00fade do DF ou em seu posto de sa\u00fade mais pr\u00f3ximo.<\/strong><\/p>\n\n\n\n<p><strong>Vacine-se!.<\/strong> A prote\u00e7\u00e3o contra a gripe \u00e9 um ato de cuidado para voc\u00ea e para a comunidade.<\/p>\n","protected":false},"excerpt":{"rendered":"<p>Foto: Sandro Ara\u00fajo A vacina\u00e7\u00e3o contra a gripe come\u00e7ou esta semana no Distrito Federal, com o objetivo de proteger a popula\u00e7\u00e3o contra os v\u00edrus da influenza. O primeiro lote conta com 80 mil doses, distribu\u00eddas em mais de 100 salas de vacina\u00e7\u00e3o em unidades b\u00e1sicas de sa\u00fade (UBSs) em toda a cidade. A previs\u00e3o \u00e9 [&hellip;]<\/p>\n","protected":false},"author":1441,"featured_media":11863,"comment_status":"open","ping_status":"open","sticky":false,"template":"","format":"standard","meta":{"_monsterinsights_skip_tracking":false,"_monsterinsights_sitenote_active":false,"_monsterinsights_sitenote_note":"","_monsterinsights_sitenote_category":0,"footnotes":""},"categories":[17,34,11],"tags":[403],"class_list":["post-11862","post","type-post","status-publish","format-standard","has-post-thumbnail","hentry","category-bsb","category-destaque","category-health","tag-cidadecult-2"],"_links":{"self":[{"href":"https:\/\/cidadecult.com.br\/index.php?rest_route=\/wp\/v2\/posts\/11862","targetHints":{"allow":["GET"]}}],"collection":[{"href":"https:\/\/cidadecult.com.br\/index.php?rest_route=\/wp\/v2\/posts"}],"about":[{"href":"https:\/\/cidadecult.com.br\/index.php?rest_route=\/wp\/v2\/types\/post"}],"author":[{"embeddable":true,"href":"https:\/\/cidadecult.com.br\/index.php?rest_route=\/wp\/v2\/users\/1441"}],"replies":[{"embeddable":true,"href":"https:\/\/cidadecult.com.br\/index.php?rest_route=%2Fwp%2Fv2%2Fcomments&post=11862"}],"version-history":[{"count":1,"href":"https:\/\/cidadecult.com.br\/index.php?rest_route=\/wp\/v2\/posts\/11862\/revisions"}],"predecessor-version":[{"id":11864,"href":"https:\/\/cidadecult.com.br\/index.php?rest_route=\/wp\/v2\/posts\/11862\/revisions\/11864"}],"wp:featuredmedia":[{"embeddable":true,"href":"https:\/\/cidadecult.com.br\/index.php?rest_route=\/wp\/v2\/media\/11863"}],"wp:attachment":[{"href":"https:\/\/cidadecult.com.br\/index.php?rest_route=%2Fwp%2Fv2%2Fmedia&parent=11862"}],"wp:term":[{"taxonomy":"category","embeddable":true,"href":"https:\/\/cidadecult.com.br\/index.php?rest_route=%2Fwp%2Fv2%2Fcategories&post=11862"},{"taxonomy":"post_tag","embeddable":true,"href":"https:\/\/cidadecult.com.br\/index.php?rest_route=%2Fwp%2Fv2%2Ftags&post=11862"}],"curies":[{"name":"wp","href":"https:\/\/api.w.org\/{rel}","templated":true}]}}