{"id":1181,"date":"2023-10-14T16:27:40","date_gmt":"2023-10-14T19:27:40","guid":{"rendered":"https:\/\/cidadecult.com.br\/?p=1181"},"modified":"2023-10-14T16:27:42","modified_gmt":"2023-10-14T19:27:42","slug":"exposicao-fotografica-da-visibilidade-ao-direito-a-amamentacao","status":"publish","type":"post","link":"https:\/\/cidadecult.com.br\/?p=1181","title":{"rendered":"Exposi\u00e7\u00e3o fotogr\u00e1fica d\u00e1 visibilidade ao direito \u00e0 amamenta\u00e7\u00e3o"},"content":{"rendered":"\n<p>Mostra itinerante inicia no dia 1\u00ba de agosto no Espa\u00e7o Qualidade de Vida, no Pal\u00e1cio do Buriti Ag\u00eancia Bras\u00edlia* | Edi\u00e7\u00e3o: Carolina Lobo<\/p>\n\n\n\n<p>Para celebrar o Agosto Dourado, m\u00eas que simboliza a luta pelo incentivo \u00e0 amamenta\u00e7\u00e3o, a exposi\u00e7\u00e3o&nbsp;<em>Amamentar \u00e9 uma Arte<\/em>&nbsp;traz, por meio de cliques inspiradores, mulheres amamentando retratadas em cen\u00e1rios deslumbrantes nos pontos tur\u00edsticos mais emblem\u00e1ticos de Bras\u00edlia. A iniciativa conta com apoio da Secretaria da Mulher (SMDF) e da Secretaria de Sa\u00fade (SES).<\/p>\n\n\n\n<p>A mostra, com fotos doadas pelo artista Matheus Oliveira, traz um olhar encantador sobre a beleza e o poder da amamenta\u00e7\u00e3o e, de forma itinerante, come\u00e7ar\u00e1 no dia 1\u00ba de agosto no Espa\u00e7o Qualidade de Vida, localizado no 16\u00ba andar do Anexo do Pal\u00e1cio do Buriti. Nas semanas seguintes, passar\u00e1 pelas sedes da Secretaria de Sa\u00fade (SES), Servi\u00e7o Social da Ind\u00fastria (Sesi) e Servi\u00e7o Social do Com\u00e9rcio (Sesc).<\/p>\n\n\n\n<figure class=\"wp-block-image\"><img decoding=\"async\" src=\"https:\/\/www.agenciabrasilia.df.gov.br\/wp-conteudo\/uploads\/2023\/07\/AGOSTO-DOURADO-FOTOS-MATHEUS-OLIVEIRA-16-scaled.jpg\" alt=\"\" class=\"wp-image-528382\"\/><figcaption><em>Exposi\u00e7\u00e3o fotogr\u00e1fica d\u00e1 visibilidade ao direito de amamentar onde a mulher desejar e for necess\u00e1rio<\/em>&nbsp;| Foto: Matheus Oliveira\/Divulga\u00e7\u00e3o<\/figcaption><\/figure>\n\n\n\n<p>\u201cAs fotografias foram cuidadosamente selecionadas e revelam momentos \u00edntimos e de conex\u00e3o entre m\u00e3es e filhos. A exposi\u00e7\u00e3o \u00e9 uma forma de empoderar as mulheres e desmistificar conceitos equivocados acerca do aleitamento materno, promovendo o respeito e a compreens\u00e3o de que amamentar \u00e9 um direito e uma pr\u00e1tica natural\u201d, destaca a secret\u00e1ria da Mulher, Giselle Ferreira.<\/p>\n\n\n\n<p><strong>Servi\u00e7o<br><\/strong>Exposi\u00e7\u00e3o fotogr\u00e1fica&nbsp;<em>Amamentar \u00e9 uma Arte<\/em><br>\u2192 1\u00ba\/8 a 15\/8: Espa\u00e7o Qualidade de Vida, 16\u00ba Andar do Anexo do Pal\u00e1cio do Buriti<br>\u2192 16\/8 a 20\/8: Sede SES \u2013 Edif\u00edcio PO 700, Setor de R\u00e1dio e TV Norte (SRTVN), 701 Norte<br>\u2192 21\/8 a 25\/8: Sesi \u2013 Central Park \u2013 SCN Qd 1 Bl E Ed. Central Park<br>\u2192 28\/8 a 1\u00ba\/9: Sesc Teatro Garagem, 913 Sul<\/p>\n\n\n\n<p><em>*Com informa\u00e7\u00f5es da Secretaria da Mulher<\/em><\/p>\n\n\n\n<ul class=\"wp-block-list\"><li><a href=\"https:\/\/www.agenciabrasilia.df.gov.br\/topicos\/aleitamento-materno\">ALEITAMENTO MATERNO<\/a><\/li><li><a href=\"https:\/\/www.agenciabrasilia.df.gov.br\/topicos\/amamentacao\">AMAMENTA\u00c7\u00c3O<\/a><\/li><li><a href=\"https:\/\/www.agenciabrasilia.df.gov.br\/topicos\/campanha-agosto-dourado\">CAMPANHA AGOSTO DOURADO<\/a><\/li><li><a href=\"https:\/\/www.agenciabrasilia.df.gov.br\/topicos\/secretaria-da-mulher-smdf\">SECRETARIA DA MULHER (SMDF)<\/a><\/li><li><a href=\"https:\/\/www.agenciabrasilia.df.gov.br\/topicos\/secretaria-de-saude-ses\">SECRETARIA DE SA\u00daDE (SES)<\/a><\/li><\/ul>\n","protected":false},"excerpt":{"rendered":"<p>Mostra itinerante inicia no dia 1\u00ba de agosto no Espa\u00e7o Qualidade de Vida, no Pal\u00e1cio do Buriti Ag\u00eancia Bras\u00edlia* | Edi\u00e7\u00e3o: Carolina Lobo Para celebrar o Agosto Dourado, m\u00eas que simboliza a luta pelo incentivo \u00e0 amamenta\u00e7\u00e3o, a exposi\u00e7\u00e3o&nbsp;Amamentar \u00e9 uma Arte&nbsp;traz, por meio de cliques inspiradores, mulheres amamentando retratadas em cen\u00e1rios deslumbrantes nos pontos [&hellip;]<\/p>\n","protected":false},"author":1,"featured_media":1182,"comment_status":"open","ping_status":"open","sticky":false,"template":"","format":"standard","meta":{"_monsterinsights_skip_tracking":false,"_monsterinsights_sitenote_active":false,"_monsterinsights_sitenote_note":"","_monsterinsights_sitenote_category":0,"footnotes":""},"categories":[41,17,34,39,3],"tags":[],"class_list":["post-1181","post","type-post","status-publish","format-standard","has-post-thumbnail","hentry","category-agenda","category-bsb","category-destaque","category-economics","category-entertainment"],"_links":{"self":[{"href":"https:\/\/cidadecult.com.br\/index.php?rest_route=\/wp\/v2\/posts\/1181","targetHints":{"allow":["GET"]}}],"collection":[{"href":"https:\/\/cidadecult.com.br\/index.php?rest_route=\/wp\/v2\/posts"}],"about":[{"href":"https:\/\/cidadecult.com.br\/index.php?rest_route=\/wp\/v2\/types\/post"}],"author":[{"embeddable":true,"href":"https:\/\/cidadecult.com.br\/index.php?rest_route=\/wp\/v2\/users\/1"}],"replies":[{"embeddable":true,"href":"https:\/\/cidadecult.com.br\/index.php?rest_route=%2Fwp%2Fv2%2Fcomments&post=1181"}],"version-history":[{"count":1,"href":"https:\/\/cidadecult.com.br\/index.php?rest_route=\/wp\/v2\/posts\/1181\/revisions"}],"predecessor-version":[{"id":1183,"href":"https:\/\/cidadecult.com.br\/index.php?rest_route=\/wp\/v2\/posts\/1181\/revisions\/1183"}],"wp:featuredmedia":[{"embeddable":true,"href":"https:\/\/cidadecult.com.br\/index.php?rest_route=\/wp\/v2\/media\/1182"}],"wp:attachment":[{"href":"https:\/\/cidadecult.com.br\/index.php?rest_route=%2Fwp%2Fv2%2Fmedia&parent=1181"}],"wp:term":[{"taxonomy":"category","embeddable":true,"href":"https:\/\/cidadecult.com.br\/index.php?rest_route=%2Fwp%2Fv2%2Fcategories&post=1181"},{"taxonomy":"post_tag","embeddable":true,"href":"https:\/\/cidadecult.com.br\/index.php?rest_route=%2Fwp%2Fv2%2Ftags&post=1181"}],"curies":[{"name":"wp","href":"https:\/\/api.w.org\/{rel}","templated":true}]}}