{"id":1178,"date":"2023-10-14T16:20:54","date_gmt":"2023-10-14T19:20:54","guid":{"rendered":"https:\/\/cidadecult.com.br\/?p=1178"},"modified":"2023-10-14T16:23:38","modified_gmt":"2023-10-14T19:23:38","slug":"gdf-promove-acoes-educativas-contra-o-trafico-de-pessoas","status":"publish","type":"post","link":"https:\/\/cidadecult.com.br\/?p=1178","title":{"rendered":"GDF promove a\u00e7\u00f5es educativas contra o tr\u00e1fico de pessoas"},"content":{"rendered":"\n<p>Data mundial, neste domingo, visa \u00e0 conscientiza\u00e7\u00e3o e preven\u00e7\u00e3o desse crime; conhe\u00e7a a\u00e7\u00f5es desenvolvidas pela Secretaria de Justi\u00e7a e Cidadania para orientar a popula\u00e7\u00e3o sobre o tema Ag\u00eancia Bras\u00edlia* I Edi\u00e7\u00e3o: D\u00e9bora Cronemberger<\/p>\n\n\n\n<p>O Dia Mundial de Combate ao Tr\u00e1fico de Pessoas \u00e9 lembrado neste domingo, 30 de julho. \u201cO tema merece destaque e precisa ser debatido e alertado para a popula\u00e7\u00e3o. \u00c9 poss\u00edvel que qualquer um se torne v\u00edtima, mas pessoas em situa\u00e7\u00e3o de vulnerabilidade t\u00eam mais probabilidade e estamos aqui para esclarecer a sociedade. Esse \u00e9 um crime silencioso e lucrativo que deve ser combatido\u201d, destaca a secret\u00e1ria de Justi\u00e7a e Cidadania do DF, Marcela Passamani.<\/p>\n\n\n\n<p>Na \u00faltima semana, a Secretaria de Justi\u00e7a e Cidadania do Distrito Federal (Sejus-DF) organizou uma s\u00e9rie de a\u00e7\u00f5es sobre a tem\u00e1tica para informar, divulgar, sensibilizar e mobilizar para o enfrentamento desse crime. Entre as iniciativas, blitz educativa, comunica\u00e7\u00e3o institucional, campanhas para servidores e v\u00eddeos em cinemas da cidade para alertar e conscientizar a sociedade sobre o assunto.<\/p>\n\n\n\n<figure class=\"wp-block-image\"><img decoding=\"async\" src=\"http:\/\/agenciabrasilia.df.gov.br\/wp-conteudo\/uploads\/2023\/07\/blitz-I-Fotos-Divulgacao-%E2%80%93-Ascom-%E2%80%93-SejusDF.jpeg\" alt=\"\" class=\"wp-image-527670\"\/><figcaption>Na quarta-feira (26), Sejus e Pol\u00edcia Rodovi\u00e1ria Federal se uniram em blitz educativa, na BR-070, para divulgar canais de den\u00fancia | Fotos: Divulga\u00e7\u00e3o\/Sejus<\/figcaption><\/figure>\n\n\n\n<p>Todas as a\u00e7\u00f5es foram desenvolvidas pela Sejus-DF, por meio da Subsecretaria de Apoio a V\u00edtimas de Viol\u00eancia (Subav), na Semana Nacional de Enfrentamento ao Tr\u00e1fico de Pessoas.&nbsp;<a href=\"https:\/\/www.sejus.df.gov.br\/acoes-de-enfretamento-ao-trafico-de-pessoas-e-apoio-ao-migrante-e-refugiado\/\" target=\"_blank\" rel=\"noreferrer noopener\">Acesse aqui os canais de den\u00fancias<\/a>&nbsp;no caso de suspeitas desse tipo de crime.<\/p>\n\n\n\n<p><strong>Ilumina\u00e7\u00e3o especial<\/strong><\/p>\n\n\n\n<p>A unidade da Sejus da Esta\u00e7\u00e3o Rodoferrovi\u00e1ria SAIN e a Torre de TV foram iluminadas de azul nessa semana. A iniciativa foi em alus\u00e3o \u00e0 Campanha Cora\u00e7\u00e3o Azul, promovida pelo Escrit\u00f3rio das Na\u00e7\u00f5es Unidas sobre Drogas e Crime (UNODC), com objetivo de aumentar a conscientiza\u00e7\u00e3o sobre o assunto. O Cora\u00e7\u00e3o Azul representa a tristeza das v\u00edtimas do tr\u00e1fico de pessoas e nos lembra da insensibilidade daqueles que compram e vendem outros seres humanos.<\/p>\n\n\n\n<figure class=\"wp-block-image\"><img decoding=\"async\" src=\"http:\/\/agenciabrasilia.df.gov.br\/wp-conteudo\/uploads\/2023\/07\/Coracao-azul-Fotos-Divulgacao-%E2%80%93-Ascom-%E2%80%93-SejusDF-1.jpeg\" alt=\"\" class=\"wp-image-528166\"\/><figcaption>Ilumina\u00e7\u00e3o especial em refer\u00eancia \u00e0 campanha Cora\u00e7\u00e3o Azul, realizada nacionalmente para a conscientiza\u00e7\u00e3o sobre o tr\u00e1fico de pessoas<\/figcaption><\/figure>\n\n\n\n<p><strong>Dia a dia consciente<\/strong><\/p>\n\n\n\n<p>As telas dos computadores dos servidores da Sejus-DF receberam uma mensagem, no per\u00edodo de 24 a 30 de julho, em men\u00e7\u00e3o ao Dia Mundial de Combate ao Tr\u00e1fico de Pessoas.) Nas TVs das unidades do Na Hora tamb\u00e9m foi veiculado um v\u00eddeo institucional de 15 segundos sobre o tema.<\/p>\n\n\n\n<p><strong>Leia tamb\u00e9m<\/strong><a href=\"https:\/\/www.agenciabrasilia.df.gov.br\/2023\/07\/27\/blitz-educativa-alerta-contra-trafico-de-pessoas\/\"><strong>Blitz educativa alerta contra tr\u00e1fico de pessoas<\/strong><\/a><a href=\"https:\/\/www.agenciabrasilia.df.gov.br\/2023\/06\/01\/candidatos-ao-conselho-tutelar-devem-atualizar-cadastro-no-tre\/\"><strong>Candidatos ao Conselho Tutelar devem atualizar cadastro no TRE<\/strong><\/a><\/p>\n\n\n\n<p><strong>Nas telas do cinema<\/strong><\/p>\n\n\n\n<p>Cinco cinemas do DF, com sess\u00f5es de classifica\u00e7\u00e3o indicativa acima de 12 anos de idade, veicularam um v\u00eddeo informativo sobre a tem\u00e1tica do tr\u00e1fico de pessoas ao longo da semana. O objetivo \u00e9 atingir aqueles que frequentam esses ambientes para sensibiliza\u00e7\u00e3o sobre o assunto.<\/p>\n\n\n\n<p><strong>A\u00e7\u00e3o conjunta<\/strong><\/p>\n\n\n\n<p>Como parte das atividades da Semana Nacional de Enfrentamento ao Tr\u00e1fico de Pessoas, a Sejus-DF e a Pol\u00edcia Rodovi\u00e1ria Federal (PRF) se uniram na a\u00e7\u00e3o \u201cEsse Crime \u00e9 real\u201d para distribuir materiais informativos e sensibilizar a popula\u00e7\u00e3o sobre a pauta com uma blitz educativa.<\/p>\n\n\n\n<p>\u201cO compromisso da Sejus na preven\u00e7\u00e3o e no enfrentamento ao tr\u00e1fico de pessoas vem sendo realizado de maneira efetiva, e est\u00e1 sendo intensificado durante essa semana de combate a este crime, com a\u00e7\u00f5es di\u00e1rias em todo o Distrito Federal levando conhecimento e reflex\u00e3o sobre o tema\u201d, afirma a subsecret\u00e1ria da Subav, Janandr\u00e9ia Rafael.<\/p>\n\n\n\n<p><strong>Canais de den\u00fancia<\/strong><\/p>\n\n\n\n<p>\u21d2 Central de Atendimento \u00e0 Mulher: 180<br>\u21d2 Disque Direitos Humanos: 100<br>\u21d2 Ger\u00eancia de Enfrentamento ao Tr\u00e1fico de Pessoas e Apoio ao Migrante (61) 2244-1232 ou&nbsp;<em>getpam@sejus.df.gov.br<\/em><\/p>\n","protected":false},"excerpt":{"rendered":"<p>Data mundial, neste domingo, visa \u00e0 conscientiza\u00e7\u00e3o e preven\u00e7\u00e3o desse crime; conhe\u00e7a a\u00e7\u00f5es desenvolvidas pela Secretaria de Justi\u00e7a e Cidadania para orientar a popula\u00e7\u00e3o sobre o tema Ag\u00eancia Bras\u00edlia* I Edi\u00e7\u00e3o: D\u00e9bora Cronemberger O Dia Mundial de Combate ao Tr\u00e1fico de Pessoas \u00e9 lembrado neste domingo, 30 de julho. \u201cO tema merece destaque e precisa [&hellip;]<\/p>\n","protected":false},"author":1,"featured_media":1179,"comment_status":"open","ping_status":"open","sticky":false,"template":"","format":"standard","meta":{"_monsterinsights_skip_tracking":false,"_monsterinsights_sitenote_active":false,"_monsterinsights_sitenote_note":"","_monsterinsights_sitenote_category":0,"footnotes":""},"categories":[17,34],"tags":[],"class_list":["post-1178","post","type-post","status-publish","format-standard","has-post-thumbnail","hentry","category-bsb","category-destaque"],"_links":{"self":[{"href":"https:\/\/cidadecult.com.br\/index.php?rest_route=\/wp\/v2\/posts\/1178","targetHints":{"allow":["GET"]}}],"collection":[{"href":"https:\/\/cidadecult.com.br\/index.php?rest_route=\/wp\/v2\/posts"}],"about":[{"href":"https:\/\/cidadecult.com.br\/index.php?rest_route=\/wp\/v2\/types\/post"}],"author":[{"embeddable":true,"href":"https:\/\/cidadecult.com.br\/index.php?rest_route=\/wp\/v2\/users\/1"}],"replies":[{"embeddable":true,"href":"https:\/\/cidadecult.com.br\/index.php?rest_route=%2Fwp%2Fv2%2Fcomments&post=1178"}],"version-history":[{"count":1,"href":"https:\/\/cidadecult.com.br\/index.php?rest_route=\/wp\/v2\/posts\/1178\/revisions"}],"predecessor-version":[{"id":1180,"href":"https:\/\/cidadecult.com.br\/index.php?rest_route=\/wp\/v2\/posts\/1178\/revisions\/1180"}],"wp:featuredmedia":[{"embeddable":true,"href":"https:\/\/cidadecult.com.br\/index.php?rest_route=\/wp\/v2\/media\/1179"}],"wp:attachment":[{"href":"https:\/\/cidadecult.com.br\/index.php?rest_route=%2Fwp%2Fv2%2Fmedia&parent=1178"}],"wp:term":[{"taxonomy":"category","embeddable":true,"href":"https:\/\/cidadecult.com.br\/index.php?rest_route=%2Fwp%2Fv2%2Fcategories&post=1178"},{"taxonomy":"post_tag","embeddable":true,"href":"https:\/\/cidadecult.com.br\/index.php?rest_route=%2Fwp%2Fv2%2Ftags&post=1178"}],"curies":[{"name":"wp","href":"https:\/\/api.w.org\/{rel}","templated":true}]}}