{"id":11740,"date":"2025-03-20T10:32:03","date_gmt":"2025-03-20T13:32:03","guid":{"rendered":"https:\/\/cidadecult.com.br\/?p=11740"},"modified":"2025-03-20T10:32:17","modified_gmt":"2025-03-20T13:32:17","slug":"lula-projeta-crescimento-economico-e-inaugura-hospital-no-ceara","status":"publish","type":"post","link":"https:\/\/cidadecult.com.br\/?p=11740","title":{"rendered":"Lula projeta crescimento econ\u00f4mico e inaugura hospital no Cear\u00e1!"},"content":{"rendered":"\n<p><em>Foto: Ricardo Stuckert<\/em><\/p>\n\n\n\n<p>O presidente Luiz In\u00e1cio Lula da Silva <strong>afirmou<\/strong> ontem <strong>(19)<\/strong> que <strong>o Brasil deve crescer mais de 3% neste ano, mantendo o ritmo positivo da economia.<\/strong> Durante a<strong> inaugura\u00e7\u00e3o do Hospital Universit\u00e1rio Cear\u00e1 (HUC)<\/strong>, em <strong>Fortaleza,<\/strong> <strong>Lula destacou <\/strong>que o<strong> crescimento est\u00e1 atrelado \u00e0 valoriza\u00e7\u00e3o do sal\u00e1rio m\u00ednimo<\/strong>, aos <strong>acordos salariais acima da infla\u00e7\u00e3o<\/strong> e \u00e0<strong> amplia\u00e7\u00e3o do cr\u00e9dito acess\u00edvel \u00e0 popula\u00e7\u00e3o.<\/strong><\/p>\n\n\n\n<p><strong>Em 2024, o pa\u00eds registrou um PIB de 3,4%, ficando entre as economias que mais avan\u00e7aram, de acordo com a Organiza\u00e7\u00e3o para a Coopera\u00e7\u00e3o e o Desenvolvimento Econ\u00f4mico (OCDE). O Brasil se destacou ao lado de na\u00e7\u00f5es como China, Dinamarca e R\u00fassia.<\/strong><\/p>\n\n\n\n<h2 class=\"wp-block-heading\">Investimento em sa\u00fade<\/h2>\n\n\n\n<p>A<strong> primeira fase do HUC,<\/strong> entregue<strong> ontem (19)<\/strong>, faz parte de um <strong>investimento de R$ 667 milh\u00f5es em infraestrutura e equipamentos<\/strong>. <strong>O hospital, vinculado \u00e0 Universidade Estadual do Cear\u00e1 (UECE), contar\u00e1 com 832 leitos quando estiver em pleno funcionamento, incluindo especialidades como oncologia, urologia e cirurgia vascular. <\/strong>A<strong> unidade <\/strong>ser\u00e1<strong> refer\u00eancia para transplantes de medula \u00f3ssea, rim e f\u00edgado infantil, tornando-se \u00fanica no Nordeste com essa capacidade.<\/strong><\/p>\n\n\n\n<p>Al\u00e9m disso, o governo federal anunciou um repasse de R$ 200 milh\u00f5es para o Instituto Doutor Jos\u00e9 Frota (IJF), maior hospital municipal de Fortaleza, garantindo a amplia\u00e7\u00e3o do atendimento e a oferta de exames de alta complexidade.<\/p>\n\n\n\n<h2 class=\"wp-block-heading\">Infraestrutura para o Nordeste<\/h2>\n\n\n\n<p>Mais cedo, Lula esteve no Rio Grande do Norte para inaugurar a Barragem de Oiticica, em Jucurutu. <strong>A obra, que integra o Projeto de Integra\u00e7\u00e3o do Rio S\u00e3o Francisco, ampliou a capacidade do reservat\u00f3rio para 742 milh\u00f5es de metros c\u00fabicos, beneficiando cerca de 294 mil pessoas em 22 munic\u00edpios.<\/strong><\/p>\n\n\n\n<p><strong>Com investimentos em sa\u00fade e infraestrutura, o governo refor\u00e7a sua aposta no crescimento econ\u00f4mico e na melhoria da qualidade de vida da popula\u00e7\u00e3o<\/strong>. Ap\u00f3s a agenda no Nordeste, Lula retornou a Bras\u00edlia na noite desta quarta-feira.<\/p>\n","protected":false},"excerpt":{"rendered":"<p>Foto: Ricardo Stuckert O presidente Luiz In\u00e1cio Lula da Silva afirmou ontem (19) que o Brasil deve crescer mais de 3% neste ano, mantendo o ritmo positivo da economia. Durante a inaugura\u00e7\u00e3o do Hospital Universit\u00e1rio Cear\u00e1 (HUC), em Fortaleza, Lula destacou que o crescimento est\u00e1 atrelado \u00e0 valoriza\u00e7\u00e3o do sal\u00e1rio m\u00ednimo, aos acordos salariais acima [&hellip;]<\/p>\n","protected":false},"author":1441,"featured_media":11741,"comment_status":"open","ping_status":"open","sticky":false,"template":"","format":"standard","meta":{"_monsterinsights_skip_tracking":false,"_monsterinsights_sitenote_active":false,"_monsterinsights_sitenote_note":"","_monsterinsights_sitenote_category":0,"footnotes":""},"categories":[54],"tags":[4586,4585,487,3288,459],"class_list":["post-11740","post","type-post","status-publish","format-standard","has-post-thumbnail","hentry","category-brasil","tag-ceara","tag-crescimentoeconomico-2","tag-destaque","tag-lulainaciosilva","tag-saude-3"],"_links":{"self":[{"href":"https:\/\/cidadecult.com.br\/index.php?rest_route=\/wp\/v2\/posts\/11740","targetHints":{"allow":["GET"]}}],"collection":[{"href":"https:\/\/cidadecult.com.br\/index.php?rest_route=\/wp\/v2\/posts"}],"about":[{"href":"https:\/\/cidadecult.com.br\/index.php?rest_route=\/wp\/v2\/types\/post"}],"author":[{"embeddable":true,"href":"https:\/\/cidadecult.com.br\/index.php?rest_route=\/wp\/v2\/users\/1441"}],"replies":[{"embeddable":true,"href":"https:\/\/cidadecult.com.br\/index.php?rest_route=%2Fwp%2Fv2%2Fcomments&post=11740"}],"version-history":[{"count":1,"href":"https:\/\/cidadecult.com.br\/index.php?rest_route=\/wp\/v2\/posts\/11740\/revisions"}],"predecessor-version":[{"id":11742,"href":"https:\/\/cidadecult.com.br\/index.php?rest_route=\/wp\/v2\/posts\/11740\/revisions\/11742"}],"wp:featuredmedia":[{"embeddable":true,"href":"https:\/\/cidadecult.com.br\/index.php?rest_route=\/wp\/v2\/media\/11741"}],"wp:attachment":[{"href":"https:\/\/cidadecult.com.br\/index.php?rest_route=%2Fwp%2Fv2%2Fmedia&parent=11740"}],"wp:term":[{"taxonomy":"category","embeddable":true,"href":"https:\/\/cidadecult.com.br\/index.php?rest_route=%2Fwp%2Fv2%2Fcategories&post=11740"},{"taxonomy":"post_tag","embeddable":true,"href":"https:\/\/cidadecult.com.br\/index.php?rest_route=%2Fwp%2Fv2%2Ftags&post=11740"}],"curies":[{"name":"wp","href":"https:\/\/api.w.org\/{rel}","templated":true}]}}