{"id":11727,"date":"2025-03-19T11:01:51","date_gmt":"2025-03-19T14:01:51","guid":{"rendered":"https:\/\/cidadecult.com.br\/?p=11727"},"modified":"2025-03-19T11:02:37","modified_gmt":"2025-03-19T14:02:37","slug":"solo-da-cana-no-ccbb-brasilia-uma-relfexao-sobre-historia-e-meio-ambiente","status":"publish","type":"post","link":"https:\/\/cidadecult.com.br\/?p=11727","title":{"rendered":"Solo da Cana no CCBB Bras\u00edlia: uma relfex\u00e3o sobre hist\u00f3ria e meio ambiente!"},"content":{"rendered":"\n<p><em>Foto\/divulga\u00e7\u00e3o<\/em><\/p>\n\n\n\n<p><strong>De 28 de mar\u00e7o a 13 de abril, o Centro Cultural Banco do Brasil (CCBB) Bras\u00edlia recebe &#8220;Solo da cana&#8221;, um espet\u00e1culo poderoso estrelado por Izabel de Barros Stewart. Com dire\u00e7\u00e3o de Jo\u00e3o Saldanha, a pe\u00e7a questiona as marcas da explora\u00e7\u00e3o colonial e os impactos ambientais que perduram at\u00e9 hoje, utilizando a cana-de-a\u00e7\u00facar como uma met\u00e1fora para a resist\u00eancia e a luta por um espa\u00e7o de voz.<\/strong><\/p>\n\n\n\n<p><strong>Uma hist\u00f3ria contada pela cana<\/strong><br><strong>A pe\u00e7a leva o p\u00fablico a refletir sobre o racismo ambiental e os v\u00ednculos coloniais que moldaram nosso modo de habitar a Terra. A cana-de-a\u00e7\u00facar, \u00edcone da cultura monocultural do Brasil, ganha voz em um depoimento ficcionalizado, onde a natureza, muitas vezes tratada como objeto, se torna protagonista, revelando os efeitos da explora\u00e7\u00e3o secular. <\/strong>Atrav\u00e9s da interpreta\u00e7\u00e3o de Izabel, que assina o texto e a atua\u00e7\u00e3o, a cana se torna um sujeito ativo, desafiando a<strong> vis\u00e3o antropoc\u00eantrica <\/strong>que <strong>define as rela\u00e7\u00f5es humanas com o ambiente.<\/strong><\/p>\n\n\n\n<p><strong>Datas e ingressos<\/strong>:<\/p>\n\n\n\n<ul class=\"wp-block-list\">\n<li><strong>Quando<\/strong>: De 28 de mar\u00e7o a 13 de abril;<\/li>\n\n\n\n<li><strong>Onde<\/strong>: Galeria 4, CCBB Bras\u00edlia;<\/li>\n\n\n\n<li><strong>Sess\u00f5es<\/strong>: &#8211; Sextas e s\u00e1bados \u00e0s 19h30,\n<ul class=\"wp-block-list\">\n<li>       &#8211; Domingos \u00e0s 18h30;<\/li>\n<\/ul>\n<\/li>\n\n\n\n<li><strong>Ingressos<\/strong>: R$ 30 (inteira) | R$ 15 (meia-entrada);<\/li>\n\n\n\n<li><strong>Compra<\/strong>: Bilheteira do CCBB e site <a href=\"http:\/\/www.bb.com.br\/cultura\">www.bb.com.br\/cultura<\/a>.<\/li>\n<\/ul>\n\n\n\n<p><strong>Acessibilidade e inclus\u00e3o<\/strong>: <br>Em um esfor\u00e7o para tornar o evento mais<strong> inclusivo<\/strong>, <strong>as sess\u00f5es de s\u00e1bado contar\u00e3o com tradu\u00e7\u00e3o em Libras, e haver\u00e1 bate-papo com a equipe ap\u00f3s as apresenta\u00e7\u00f5es. <\/strong>Al\u00e9m disso, <strong>o CCBB oferece o programa &#8220;Vem pro CCBB&#8221;, com vans gratuitas saindo da Biblioteca Nacional para o Centro Cultural, garantindo o acesso de mais p\u00fablico \u00e0 arte e \u00e0 cultura.<\/strong><\/p>\n\n\n\n<p><strong>Ficha t\u00e9cnica<\/strong><\/p>\n\n\n\n<ul class=\"wp-block-list\">\n<li><strong>Texto e atua\u00e7\u00e3o<\/strong>: Izabel de Barros Stewart;<\/li>\n\n\n\n<li><strong>Dire\u00e7\u00e3o<\/strong>: Jo\u00e3o Saldanha;<\/li>\n\n\n\n<li><strong>Trilha Sonora<\/strong>: Antonio Saraiva;<\/li>\n\n\n\n<li><strong>Prepara\u00e7\u00e3o Vocal<\/strong>: Pedro Lima;<\/li>\n\n\n\n<li><strong>Figurinos e Adere\u00e7os<\/strong>: Mauro Leite;<\/li>\n\n\n\n<li><strong>Ilumina\u00e7\u00e3o<\/strong>: Jo\u00e3o Saldanha;<\/li>\n\n\n\n<li><strong>Produ\u00e7\u00e3o<\/strong>: Ana Paula Abreu e Renata Blasi.<\/li>\n<\/ul>\n\n\n\n<p><strong>Sobre a artista:<br>Izabel de Barros Stewart \u00e9 uma artista de destaque nas cenas de dan\u00e7a, performance e educa\u00e7\u00e3o. Com uma trajet\u00f3ria que inclui importantes parcerias em teatro, dan\u00e7a e m\u00fasica, ela estreou como dramaturga e atriz em 2023 com <em>&#8220;Solo da cana&#8221;<\/em>, uma obra que busca dar voz \u00e0queles que foram historicamente silenciados pela coloniza\u00e7\u00e3o e pela explora\u00e7\u00e3o ambiental.<\/strong><\/p>\n\n\n\n<p><strong>Servi\u00e7o<\/strong><\/p>\n\n\n\n<ul class=\"wp-block-list\">\n<li><strong>Local<\/strong>: Galeria 4, Centro Cultural Banco do Brasil Bras\u00edlia;<\/li>\n\n\n\n<li><strong>Endere\u00e7o<\/strong>: SCES Trecho 02 Lote 22, Setor de Clubes Especial Sul;<\/li>\n\n\n\n<li><strong>Classifica\u00e7\u00e3o Indicativa<\/strong>: N\u00e3o recomendado para menores de 12 anos;<\/li>\n\n\n\n<li><strong>Transporte Gratuito<\/strong>: Vans <em>Vem pro CCBB<\/em> com sa\u00edda da Biblioteca Nacional.<\/li>\n<\/ul>\n\n\n\n<p><strong>Mais Informa\u00e7\u00f5es<\/strong><\/p>\n\n\n\n<ul class=\"wp-block-list\">\n<li><strong>Telefone<\/strong>: (61) 3108-7600;<\/li>\n\n\n\n<li><strong>Site<\/strong>: <a href=\"http:\/\/www.bb.com.br\/cultura\">www.bb.com.br\/cultura<\/a>;<\/li>\n\n\n\n<li><strong>Instagram<\/strong>: @ccbbbrasilia.<\/li>\n<\/ul>\n\n\n\n<p><strong>N\u00e3o perca a chance de vivenciar &#8220;<em>Solo da Cana<\/em>&#8220;, um espet\u00e1culo que, por meio de uma atua\u00e7\u00e3o envolvente e uma reflex\u00e3o profunda, nos leva a questionar o legado de explora\u00e7\u00e3o da Terra e a import\u00e2ncia de redefinir nossas rela\u00e7\u00f5es com o meio ambiente.<\/strong><\/p>\n","protected":false},"excerpt":{"rendered":"<p>Foto\/divulga\u00e7\u00e3o De 28 de mar\u00e7o a 13 de abril, o Centro Cultural Banco do Brasil (CCBB) Bras\u00edlia recebe &#8220;Solo da cana&#8221;, um espet\u00e1culo poderoso estrelado por Izabel de Barros Stewart. Com dire\u00e7\u00e3o de Jo\u00e3o Saldanha, a pe\u00e7a questiona as marcas da explora\u00e7\u00e3o colonial e os impactos ambientais que perduram at\u00e9 hoje, utilizando a cana-de-a\u00e7\u00facar como [&hellip;]<\/p>\n","protected":false},"author":1441,"featured_media":11728,"comment_status":"open","ping_status":"open","sticky":false,"template":"","format":"standard","meta":{"_monsterinsights_skip_tracking":false,"_monsterinsights_sitenote_active":false,"_monsterinsights_sitenote_note":"","_monsterinsights_sitenote_category":0,"footnotes":""},"categories":[41,2569,17,34,3,43],"tags":[541,487,2325,4580,1555,3744,2926,2927],"class_list":["post-11727","post","type-post","status-publish","format-standard","has-post-thumbnail","hentry","category-agenda","category-arte","category-bsb","category-destaque","category-entertainment","category-releases","tag-ccbb-2","tag-destaque","tag-espetaculo-3","tag-impactosambientaisexploracaocolonial","tag-meioambiente","tag-3cidadecult","tag-3cidadecultpordentro","tag-3sonacidadecult"],"_links":{"self":[{"href":"https:\/\/cidadecult.com.br\/index.php?rest_route=\/wp\/v2\/posts\/11727","targetHints":{"allow":["GET"]}}],"collection":[{"href":"https:\/\/cidadecult.com.br\/index.php?rest_route=\/wp\/v2\/posts"}],"about":[{"href":"https:\/\/cidadecult.com.br\/index.php?rest_route=\/wp\/v2\/types\/post"}],"author":[{"embeddable":true,"href":"https:\/\/cidadecult.com.br\/index.php?rest_route=\/wp\/v2\/users\/1441"}],"replies":[{"embeddable":true,"href":"https:\/\/cidadecult.com.br\/index.php?rest_route=%2Fwp%2Fv2%2Fcomments&post=11727"}],"version-history":[{"count":1,"href":"https:\/\/cidadecult.com.br\/index.php?rest_route=\/wp\/v2\/posts\/11727\/revisions"}],"predecessor-version":[{"id":11729,"href":"https:\/\/cidadecult.com.br\/index.php?rest_route=\/wp\/v2\/posts\/11727\/revisions\/11729"}],"wp:featuredmedia":[{"embeddable":true,"href":"https:\/\/cidadecult.com.br\/index.php?rest_route=\/wp\/v2\/media\/11728"}],"wp:attachment":[{"href":"https:\/\/cidadecult.com.br\/index.php?rest_route=%2Fwp%2Fv2%2Fmedia&parent=11727"}],"wp:term":[{"taxonomy":"category","embeddable":true,"href":"https:\/\/cidadecult.com.br\/index.php?rest_route=%2Fwp%2Fv2%2Fcategories&post=11727"},{"taxonomy":"post_tag","embeddable":true,"href":"https:\/\/cidadecult.com.br\/index.php?rest_route=%2Fwp%2Fv2%2Ftags&post=11727"}],"curies":[{"name":"wp","href":"https:\/\/api.w.org\/{rel}","templated":true}]}}