{"id":11718,"date":"2025-03-19T10:25:47","date_gmt":"2025-03-19T13:25:47","guid":{"rendered":"https:\/\/cidadecult.com.br\/?p=11718"},"modified":"2025-03-19T10:26:24","modified_gmt":"2025-03-19T13:26:24","slug":"operarias-das-artes-6a-edicao-do-festival-enaltece-a-forca-da-mulher-na-cultura-popular","status":"publish","type":"post","link":"https:\/\/cidadecult.com.br\/?p=11718","title":{"rendered":"Oper\u00e1rias das Artes: 6\u00aa edi\u00e7\u00e3o do festival enaltece a for\u00e7a da mulher na cultura popular!"},"content":{"rendered":"\n<p><em>Foto\/divulga\u00e7\u00e3o<\/em><\/p>\n\n\n\n<p>No dia <strong>22 de mar\u00e7o<\/strong>, a<strong> Casa do Cantador<\/strong>, em<strong> Ceil\u00e2ndia<\/strong>, ser\u00e1 <strong>palco da 6\u00aa edi\u00e7\u00e3o <\/strong>do festival<em> <strong>&#8220;Oper\u00e1rias das artes&#8221;,<\/strong> <\/em>um evento que <strong>exalta a pot\u00eancia e a diversidade da arte feita por mulheres.<\/strong> <strong>A partir das 16h<\/strong>, o p\u00fablico poder\u00e1 conferir uma programa\u00e7\u00e3o intensa e plural, que atravessa<strong> ritmos, express\u00f5es c\u00eanicas e tradi\u00e7\u00f5es culturais<\/strong>. Com<strong> entrada gratuita<\/strong>, o festival reafirma seu compromisso com a <strong>resist\u00eancia feminina na cultura popular.<\/strong><\/p>\n\n\n\n<h2 class=\"wp-block-heading\">Um festival de protagonismo feminino<\/h2>\n\n\n\n<p><strong>Idealizado pela cantora e atriz Nanci Ara\u00fajo, com produ\u00e7\u00e3o cultural de Suene Karim e Ros\u00e2ngela Dantas, o <em>&#8220;Oper\u00e1rias das artes&#8221;<\/em> surgiu em 2020 para fortalecer e dar visibilidade \u00e0s artistas mulheres do Distrito Federal. Mais do que um festival<\/strong>, a iniciativa \u00e9 um<strong> manifesto feminista e cultural, <\/strong>consolidando um<strong> espa\u00e7o de express\u00e3o, troca e reconhecimento.<\/strong><\/p>\n\n\n\n<p><strong>\u201c<\/strong>Criamos o <em><strong>&#8220;Oper\u00e1rias das artes&#8221; <\/strong><\/em>para<strong> garantir que as mulheres artistas tenham voz e espa\u00e7o<\/strong>. Este \u00e9 um <strong>movimento de resist\u00eancia e empoderamento<\/strong>, que reafirma a <strong>presen\u00e7a feminina na arte e na cultura\u201d<\/strong>, destaca <strong>Nanci Ara\u00fajo.<\/strong><\/p>\n\n\n\n<p>Realizado pela <strong>Artecei Produ\u00e7\u00f5es<\/strong> e fomentado pela <strong>Secretaria de Cultura e Economia Criativa (Secec)<\/strong>, o festival promove <strong>um encontro vibrante entre artistas do DF e de outras regi\u00f5es<\/strong>, conectando o p\u00fablico \u00e0s ra\u00edzes e inova\u00e7\u00f5es da cultura popular.<\/p>\n\n\n\n<h2 class=\"wp-block-heading\">Atra\u00e7\u00f5es e homenagens especiais<\/h2>\n\n\n\n<p>O evento contar\u00e1 com um <strong>repert\u00f3rio variado <\/strong>que vai <strong>do forr\u00f3 ao samba,<\/strong> passando por<strong> manifesta\u00e7\u00f5es afro-brasileiras, teatro e poesia<\/strong>. Entre as<strong> atra\u00e7\u00f5es confirmadas<\/strong> est\u00e3o <strong>Cia Artecum, Coco de Quebrada, Thabata Lorena, Afox\u00e9 Ogum P\u00e1, Elas Tocam Beth Carvalho, Nanci Ara\u00fajo e Deusa Nordestina do Forr\u00f3<\/strong>.<\/p>\n\n\n\n<p><strong>Diretamente do Rio Grande do Norte, Deusa Nordestina do Forr\u00f3 traz sua voz marcante e um repert\u00f3rio que reverencia Luiz Gonzaga, Marin\u00eas e Z\u00e9 Ramalho, al\u00e9m de composi\u00e7\u00f5es autorais. Com quase 40 anos de trajet\u00f3ria, a artista segue levando a cultura nordestina para palcos nacionais e internacionais.<\/strong><\/p>\n\n\n\n<p>Al\u00e9m das apresenta\u00e7\u00f5es, o festival presta uma <strong>homenagem especial \u00e0 educadora popular e ativista cultural Maria Madalena Torres, <\/strong>uma<strong> refer\u00eancia na luta pela educa\u00e7\u00e3o e pela democratiza\u00e7\u00e3o do conhecimento em Ceil\u00e2ndia<\/strong>.<strong> Fundadora do Centro de Educa\u00e7\u00e3o Paulo Freire (Cepafre), Madalena impactou gera\u00e7\u00f5es de estudantes e professores com seu trabalho.<\/strong><\/p>\n\n\n\n<h2 class=\"wp-block-heading\">Programa\u00e7\u00e3o completa:<\/h2>\n\n\n\n<p>\ud83d\udcc5 22 de mar\u00e7o;<br>\u23f0 A partir das 16h;<br>\ud83d\udccd Casa do Cantador- Ceil\u00e2ndia (DF);<br>\ud83c\udf9f Entrada gratuita.<\/p>\n\n\n\n<p>\ud83d\udd38 <strong>PROGRAMA\u00c7\u00c3O<\/strong> \ud83d\udd38<br>\ud83d\udc02 16h00 \u2013 O Boi Jatob\u00e1;<br>\ud83e\udd41 17h00 \u2013 Coco de Quebrada;<br>\ud83c\udfa4 18h00 \u2013 Thabata Lorena;<br>\ud83e\ude98 19h00 \u2013 Afox\u00e9 Ogum P\u00e1;<br>\ud83c\udfbc 20h00 \u2013 Elas Tocam Beth Carvalho;<br>\ud83c\udf99 21h00 \u2013 Nanci Ara\u00fajo;<br>\ud83c\udfbb 22h00 \u2013 Deusa Nordestina do Forr\u00f3 &amp; Banda.<\/p>\n\n\n\n<p>\ud83c\udfa4 <strong>Apresenta\u00e7\u00e3o:<\/strong> Sheila Campos;<br>\ud83c\udf96 <strong>Homenagem:<\/strong> Professora Madalena Torres.<\/p>\n\n\n\n<p><strong>O<em> &#8220;Oper\u00e1rias das artes&#8221;<\/em> integra o programa<em> &#8220;Cultura para todos&#8221;,<\/em> fortalecendo as express\u00f5es culturais populares e celebrando o protagonismo feminino na arte.<\/strong><\/p>\n\n\n\n<p>\ud83d\udc9c <strong>Realiza\u00e7\u00e3o:<\/strong> @operarias.dasartes @arteceiproducoes;<br>\ud83d\udc9c <strong>Fomento:<\/strong> @sececdf.<\/p>\n\n\n\n<p>\ud83d\udcde <strong>Atendimento \u00e0 imprensa:<\/strong> Gibi Comunica (61) 99267-7146. <\/p>\n","protected":false},"excerpt":{"rendered":"<p>Foto\/divulga\u00e7\u00e3o No dia 22 de mar\u00e7o, a Casa do Cantador, em Ceil\u00e2ndia, ser\u00e1 palco da 6\u00aa edi\u00e7\u00e3o do festival &#8220;Oper\u00e1rias das artes&#8221;, um evento que exalta a pot\u00eancia e a diversidade da arte feita por mulheres. A partir das 16h, o p\u00fablico poder\u00e1 conferir uma programa\u00e7\u00e3o intensa e plural, que atravessa ritmos, express\u00f5es c\u00eanicas e [&hellip;]<\/p>\n","protected":false},"author":1441,"featured_media":11719,"comment_status":"open","ping_status":"open","sticky":false,"template":"","format":"standard","meta":{"_monsterinsights_skip_tracking":false,"_monsterinsights_sitenote_active":false,"_monsterinsights_sitenote_note":"","_monsterinsights_sitenote_category":0,"footnotes":""},"categories":[41,2569,17,34,35],"tags":[643,423,578],"class_list":["post-11718","post","type-post","status-publish","format-standard","has-post-thumbnail","hentry","category-agenda","category-arte","category-bsb","category-destaque","category-business-news365","tag-ceilandia","tag-cidadecultpordentro-2","tag-marco"],"_links":{"self":[{"href":"https:\/\/cidadecult.com.br\/index.php?rest_route=\/wp\/v2\/posts\/11718","targetHints":{"allow":["GET"]}}],"collection":[{"href":"https:\/\/cidadecult.com.br\/index.php?rest_route=\/wp\/v2\/posts"}],"about":[{"href":"https:\/\/cidadecult.com.br\/index.php?rest_route=\/wp\/v2\/types\/post"}],"author":[{"embeddable":true,"href":"https:\/\/cidadecult.com.br\/index.php?rest_route=\/wp\/v2\/users\/1441"}],"replies":[{"embeddable":true,"href":"https:\/\/cidadecult.com.br\/index.php?rest_route=%2Fwp%2Fv2%2Fcomments&post=11718"}],"version-history":[{"count":1,"href":"https:\/\/cidadecult.com.br\/index.php?rest_route=\/wp\/v2\/posts\/11718\/revisions"}],"predecessor-version":[{"id":11720,"href":"https:\/\/cidadecult.com.br\/index.php?rest_route=\/wp\/v2\/posts\/11718\/revisions\/11720"}],"wp:featuredmedia":[{"embeddable":true,"href":"https:\/\/cidadecult.com.br\/index.php?rest_route=\/wp\/v2\/media\/11719"}],"wp:attachment":[{"href":"https:\/\/cidadecult.com.br\/index.php?rest_route=%2Fwp%2Fv2%2Fmedia&parent=11718"}],"wp:term":[{"taxonomy":"category","embeddable":true,"href":"https:\/\/cidadecult.com.br\/index.php?rest_route=%2Fwp%2Fv2%2Fcategories&post=11718"},{"taxonomy":"post_tag","embeddable":true,"href":"https:\/\/cidadecult.com.br\/index.php?rest_route=%2Fwp%2Fv2%2Ftags&post=11718"}],"curies":[{"name":"wp","href":"https:\/\/api.w.org\/{rel}","templated":true}]}}