{"id":11685,"date":"2025-03-17T13:11:56","date_gmt":"2025-03-17T16:11:56","guid":{"rendered":"https:\/\/cidadecult.com.br\/?p=11685"},"modified":"2025-03-17T13:11:59","modified_gmt":"2025-03-17T16:11:59","slug":"st-patricks-day-escolas-de-brasilia-celebram-a-cultura-irlandesa-com-atividades-educativas","status":"publish","type":"post","link":"https:\/\/cidadecult.com.br\/?p=11685","title":{"rendered":"St. Patrick\u2019s Day: escolas de Bras\u00edlia celebram a cultura irlandesa com atividades educativas"},"content":{"rendered":"\n<p><em>Foto\/divulga\u00e7\u00e3o<\/em><\/p>\n\n\n\n<p>O St. Patrick\u2019s Day, tradicional festa irlandesa, \u00e9 comemorado em v\u00e1rias partes do mundo, e em Bras\u00edlia n\u00e3o \u00e9 diferente. A Escola Canadense de Bras\u00edlia, localizada nas regi\u00f5es do SIG e \u00c1guas Claras, promove no dia 17 de mar\u00e7o, uma programa\u00e7\u00e3o especial para celebrar a data e ensinar aos alunos sobre a origem, tradi\u00e7\u00f5es e influ\u00eancias do evento, que se tornou um fen\u00f4meno global.<\/p>\n\n\n\n<p>A data, em homenagem a S\u00e3o Patr\u00edcio, o padroeiro da Irlanda, \u00e9 marcada pelo uso do verde, desfiles e festivais, e simboliza a import\u00e2ncia da cultura celta. Originalmente uma celebra\u00e7\u00e3o religiosa, o St. Patrick\u2019s Day se espalhou pelo mundo, especialmente nos pa\u00edses de l\u00edngua inglesa, como Estados Unidos, Canad\u00e1, Reino Unido e Austr\u00e1lia. No Brasil, a data \u00e9 celebrada principalmente por comunidades irlandesas e simpatizantes da cultura celta.<\/p>\n\n\n\n<p><strong>Atividades Culturais e Educativas<\/strong><\/p>\n\n\n\n<p>Na Escola Canadense de Bras\u00edlia, a programa\u00e7\u00e3o ser\u00e1 voltada para crian\u00e7as e adolescentes, com atividades culturais que incluem oficinas, brincadeiras e conta\u00e7\u00e3o de hist\u00f3rias sobre S\u00e3o Patr\u00edcio e o folclore irland\u00eas. Os alunos tamb\u00e9m aprender\u00e3o sobre os s\u00edmbolos da festa, como o trevo de tr\u00eas folhas, o duende Leprechaun e a famosa busca pelo pote de ouro.<\/p>\n\n\n\n<p>Al\u00e9m disso, ser\u00e1 promovida uma s\u00e9rie de atividades pedag\u00f3gicas e art\u00edsticas que buscam contextualizar o significado da data e as influ\u00eancias da imigra\u00e7\u00e3o irlandesa em diferentes partes do mundo. As crian\u00e7as e jovens ter\u00e3o a oportunidade de vestir roupas verdes, criando um ambiente de celebra\u00e7\u00e3o e pertencimento, enquanto exploram a rica tradi\u00e7\u00e3o cultural do Canad\u00e1, onde a festa \u00e9 amplamente celebrada.<\/p>\n\n\n\n<p><strong>A Import\u00e2ncia da Diversidade Cultural<\/strong><\/p>\n\n\n\n<p>Segundo Vitor Ramos, diretor da Escola Canadense de Bras\u00edlia, eventos como o St. Patrick\u2019s Day s\u00e3o essenciais para ampliar a vis\u00e3o dos alunos sobre a diversidade cultural. \u201cCelebrar o St. Patrick\u2019s Day n\u00e3o \u00e9 apenas uma forma de divers\u00e3o, mas uma oportunidade \u00fanica de aprendizado. Ao vivenciarem uma tradi\u00e7\u00e3o t\u00e3o presente no Canad\u00e1, nossos alunos desenvolvem um senso de conex\u00e3o global e respeito pelas diferentes culturas\u201d, afirma Ramos.<\/p>\n\n\n\n<p><strong>Sobre a Escola Canadense de Bras\u00edlia<\/strong><\/p>\n\n\n\n<p>A Escola Canadense de Bras\u00edlia oferece um curr\u00edculo bil\u00edngue e uma abordagem pedag\u00f3gica voltada para a forma\u00e7\u00e3o integral dos alunos. Com foco no desenvolvimento acad\u00eamico e socioemocional, a institui\u00e7\u00e3o prepara seus estudantes para se tornarem cidad\u00e3os globais, com uma mentalidade internacional de excel\u00eancia.<\/p>\n\n\n\n<p><strong>Mais informa\u00e7\u00f5es sobre a Escola Canadense de Bras\u00edlia:<\/strong><\/p>\n\n\n\n<ul class=\"wp-block-list\">\n<li><strong>Unidade SIG:<\/strong> SIG Quadra 8, Lote 2225, Parte F \u2022 Bras\u00edlia \u2013 DF<\/li>\n\n\n\n<li><strong>Unidade \u00c1guas Claras:<\/strong> QS 05 Av. Areal, Lote 04 \u2022 \u00c1guas Claras \u2013 DF<\/li>\n\n\n\n<li><strong>Celular \/ WhatsApp:<\/strong> +55 (61) 9276-4957<\/li>\n<\/ul>\n\n\n\n<p>Acesse o site da escola para saber mais: <a href=\"http:\/\/www.escolacanadensedebrasilia.com.br\">www.escolacanadensedebrasilia.com.br<\/a>.<\/p>\n","protected":false},"excerpt":{"rendered":"<p>Foto\/divulga\u00e7\u00e3o O St. Patrick\u2019s Day, tradicional festa irlandesa, \u00e9 comemorado em v\u00e1rias partes do mundo, e em Bras\u00edlia n\u00e3o \u00e9 diferente. A Escola Canadense de Bras\u00edlia, localizada nas regi\u00f5es do SIG e \u00c1guas Claras, promove no dia 17 de mar\u00e7o, uma programa\u00e7\u00e3o especial para celebrar a data e ensinar aos alunos sobre a origem, tradi\u00e7\u00f5es [&hellip;]<\/p>\n","protected":false},"author":1441,"featured_media":11686,"comment_status":"open","ping_status":"open","sticky":false,"template":"","format":"standard","meta":{"_monsterinsights_skip_tracking":false,"_monsterinsights_sitenote_active":false,"_monsterinsights_sitenote_note":"","_monsterinsights_sitenote_category":0,"footnotes":""},"categories":[1],"tags":[],"class_list":["post-11685","post","type-post","status-publish","format-standard","has-post-thumbnail","hentry","category-sem-categoria"],"_links":{"self":[{"href":"https:\/\/cidadecult.com.br\/index.php?rest_route=\/wp\/v2\/posts\/11685","targetHints":{"allow":["GET"]}}],"collection":[{"href":"https:\/\/cidadecult.com.br\/index.php?rest_route=\/wp\/v2\/posts"}],"about":[{"href":"https:\/\/cidadecult.com.br\/index.php?rest_route=\/wp\/v2\/types\/post"}],"author":[{"embeddable":true,"href":"https:\/\/cidadecult.com.br\/index.php?rest_route=\/wp\/v2\/users\/1441"}],"replies":[{"embeddable":true,"href":"https:\/\/cidadecult.com.br\/index.php?rest_route=%2Fwp%2Fv2%2Fcomments&post=11685"}],"version-history":[{"count":1,"href":"https:\/\/cidadecult.com.br\/index.php?rest_route=\/wp\/v2\/posts\/11685\/revisions"}],"predecessor-version":[{"id":11687,"href":"https:\/\/cidadecult.com.br\/index.php?rest_route=\/wp\/v2\/posts\/11685\/revisions\/11687"}],"wp:featuredmedia":[{"embeddable":true,"href":"https:\/\/cidadecult.com.br\/index.php?rest_route=\/wp\/v2\/media\/11686"}],"wp:attachment":[{"href":"https:\/\/cidadecult.com.br\/index.php?rest_route=%2Fwp%2Fv2%2Fmedia&parent=11685"}],"wp:term":[{"taxonomy":"category","embeddable":true,"href":"https:\/\/cidadecult.com.br\/index.php?rest_route=%2Fwp%2Fv2%2Fcategories&post=11685"},{"taxonomy":"post_tag","embeddable":true,"href":"https:\/\/cidadecult.com.br\/index.php?rest_route=%2Fwp%2Fv2%2Ftags&post=11685"}],"curies":[{"name":"wp","href":"https:\/\/api.w.org\/{rel}","templated":true}]}}