{"id":11608,"date":"2025-03-12T09:44:01","date_gmt":"2025-03-12T12:44:01","guid":{"rendered":"https:\/\/cidadecult.com.br\/?p=11608"},"modified":"2025-03-12T09:44:03","modified_gmt":"2025-03-12T12:44:03","slug":"sarau-va-celebra-a-visibilidade-lesbica-em-ceilandia-com-edicao-especial","status":"publish","type":"post","link":"https:\/\/cidadecult.com.br\/?p=11608","title":{"rendered":"Sarau-VA celebra a visibilidade l\u00e9sbica em Ceil\u00e2ndia com edi\u00e7\u00e3o especial!"},"content":{"rendered":"\n<p><em>Foto\/divulga\u00e7\u00e3o<\/em><\/p>\n\n\n\n<p><strong>A cultura l\u00e9sbica ganha destaque no Distrito Federal com o &#8220;Sarau-VA: edi\u00e7\u00e3o especial visibilidade l\u00e9sbica&#8221;. O evento gratuito acontece no dia 15 de mar\u00e7o, a partir das 15h, na Casa Akotirene, em Ceil\u00e2ndia (QNN 23, conjunto J, casa 35, ao lado da esta\u00e7\u00e3o terminal do metr\u00f4 de Ceil\u00e2ndia. <\/strong><\/p>\n\n\n\n<p>Promovido pelos coletivos <strong>Moverments<\/strong>, <strong>A\u00e7\u00e3o L\u00e9sbica do DF e Entorno<\/strong> e <strong>Distrito Drag<\/strong>, o sarau fortalece o <strong>protagonismo de mulheres l\u00e9sbicas e bissexuais na arte e na sociedade,<\/strong> reunindo grandes talentos da cena cultural local.<\/p>\n\n\n\n<h3 class=\"wp-block-heading\"><strong>Programa\u00e7\u00e3o<\/strong><\/h3>\n\n\n\n<p>A edi\u00e7\u00e3o especial conta com apresenta\u00e7\u00f5es de <strong>poetas, cantoras e DJs<\/strong>, incluindo <strong>\u00c0nna Moura, Ane \u00caoketu, Haynna, Julia Nara, Sam Defor, Beatriz \u00c1guida, Bia Blackman, Benedita e Lay\u00f3, Fernanda Jacob, Negra Eve<\/strong> e o coletivo <strong>Pesadonas 44<\/strong>.<\/p>\n\n\n\n<p>A <strong>produtora L\u00e9lia de Castro<\/strong> refor\u00e7a a <strong>import\u00e2ncia do evento<\/strong>: <em>&#8220;O sarau n\u00e3o \u00e9 apenas um encontro cultural, mas tamb\u00e9m um espa\u00e7o de resist\u00eancia, enfrentamento e valoriza\u00e7\u00e3o da diversidade&#8221;.<\/em><\/p>\n\n\n\n<h3 class=\"wp-block-heading\"><strong>Sobre os organizadores<\/strong><\/h3>\n\n\n\n<ul class=\"wp-block-list\">\n<li><strong>Distrito Drag<\/strong>: Atua na produ\u00e7\u00e3o e difus\u00e3o da cultura LGBTQIAPN+ atrav\u00e9s da arte transformista. Instagram: <a href=\"https:\/\/www.instagram.com\/distritodrag\">@distritodrag<\/a>;<\/li>\n\n\n\n<li><strong>A\u00e7\u00e3o L\u00e9sbica do DF<\/strong>: Coletivo com 20 anos de hist\u00f3ria promovendo visibilidade e direitos para mulheres l\u00e9sbicas. Instagram: <a href=\"https:\/\/www.instagram.com\/acaolesbicadf\">@acaolesbicadf<\/a>;<\/li>\n\n\n\n<li><strong>Sarau-V\u00e1<\/strong>: Criado em 2013, o projeto \u00e9 um marco da cena cultural de Ceil\u00e2ndia e incentiva talentos perif\u00e9ricos. Instagram: <a href=\"https:\/\/www.instagram.com\/sarauvozealma\">@sarauvozealma<\/a>;<\/li>\n\n\n\n<li><strong>Casa Akotirene<\/strong>: Quilombo Urbano em Ceil\u00e2ndia Norte, \u00e9 um espa\u00e7o de resist\u00eancia preta, feminina e LGBTQIAPN+. Instagram: <a href=\"https:\/\/www.instagram.com\/casa.akotirene\">@casa.akotirene<\/a>.<\/li>\n<\/ul>\n\n\n\n<h3 class=\"wp-block-heading\"><strong>Servi\u00e7o<\/strong><\/h3>\n\n\n\n<p>\ud83d\udccd <strong>Local:<\/strong> Casa Akotirene \u2013 QNN 23, Conjunto J, Lote 35, Ceil\u00e2ndia-DF;<br>\ud83d\udcc5 <strong>Data:<\/strong> 15 de mar\u00e7o de 2025;<br>\u23f0 <strong>Hor\u00e1rio:<\/strong> A partir das 15h;<br>\ud83c\udf9f <strong>Entrada gratuita<\/strong>;<br>\ud83d\udc65 <strong>Livre para todos os p\u00fablicos<\/strong>;<br>\ud83d\udcf2 Mais informa\u00e7\u00f5es: <a href=\"https:\/\/www.instagram.com\/acaolesbicadf\">@acaolesbicadf<\/a> \/ <a href=\"https:\/\/www.instagram.com\/distritodrag\">@distritodrag<\/a>.<\/p>\n","protected":false},"excerpt":{"rendered":"<p>Foto\/divulga\u00e7\u00e3o A cultura l\u00e9sbica ganha destaque no Distrito Federal com o &#8220;Sarau-VA: edi\u00e7\u00e3o especial visibilidade l\u00e9sbica&#8221;. O evento gratuito acontece no dia 15 de mar\u00e7o, a partir das 15h, na Casa Akotirene, em Ceil\u00e2ndia (QNN 23, conjunto J, casa 35, ao lado da esta\u00e7\u00e3o terminal do metr\u00f4 de Ceil\u00e2ndia. Promovido pelos coletivos Moverments, A\u00e7\u00e3o L\u00e9sbica [&hellip;]<\/p>\n","protected":false},"author":1441,"featured_media":11609,"comment_status":"open","ping_status":"open","sticky":false,"template":"","format":"standard","meta":{"_monsterinsights_skip_tracking":false,"_monsterinsights_sitenote_active":false,"_monsterinsights_sitenote_note":"","_monsterinsights_sitenote_category":0,"footnotes":""},"categories":[1],"tags":[],"class_list":["post-11608","post","type-post","status-publish","format-standard","has-post-thumbnail","hentry","category-sem-categoria"],"_links":{"self":[{"href":"https:\/\/cidadecult.com.br\/index.php?rest_route=\/wp\/v2\/posts\/11608","targetHints":{"allow":["GET"]}}],"collection":[{"href":"https:\/\/cidadecult.com.br\/index.php?rest_route=\/wp\/v2\/posts"}],"about":[{"href":"https:\/\/cidadecult.com.br\/index.php?rest_route=\/wp\/v2\/types\/post"}],"author":[{"embeddable":true,"href":"https:\/\/cidadecult.com.br\/index.php?rest_route=\/wp\/v2\/users\/1441"}],"replies":[{"embeddable":true,"href":"https:\/\/cidadecult.com.br\/index.php?rest_route=%2Fwp%2Fv2%2Fcomments&post=11608"}],"version-history":[{"count":1,"href":"https:\/\/cidadecult.com.br\/index.php?rest_route=\/wp\/v2\/posts\/11608\/revisions"}],"predecessor-version":[{"id":11610,"href":"https:\/\/cidadecult.com.br\/index.php?rest_route=\/wp\/v2\/posts\/11608\/revisions\/11610"}],"wp:featuredmedia":[{"embeddable":true,"href":"https:\/\/cidadecult.com.br\/index.php?rest_route=\/wp\/v2\/media\/11609"}],"wp:attachment":[{"href":"https:\/\/cidadecult.com.br\/index.php?rest_route=%2Fwp%2Fv2%2Fmedia&parent=11608"}],"wp:term":[{"taxonomy":"category","embeddable":true,"href":"https:\/\/cidadecult.com.br\/index.php?rest_route=%2Fwp%2Fv2%2Fcategories&post=11608"},{"taxonomy":"post_tag","embeddable":true,"href":"https:\/\/cidadecult.com.br\/index.php?rest_route=%2Fwp%2Fv2%2Ftags&post=11608"}],"curies":[{"name":"wp","href":"https:\/\/api.w.org\/{rel}","templated":true}]}}