{"id":11588,"date":"2025-03-10T12:27:45","date_gmt":"2025-03-10T15:27:45","guid":{"rendered":"https:\/\/cidadecult.com.br\/?p=11588"},"modified":"2025-03-10T12:27:49","modified_gmt":"2025-03-10T15:27:49","slug":"viagem-a-itaca-volta-em-cartaz-no-dia-internacional-da-mulher","status":"publish","type":"post","link":"https:\/\/cidadecult.com.br\/?p=11588","title":{"rendered":"\u201cViagem a \u00cdtaca\u201d volta em cartaz no Dia Internacional da Mulher!"},"content":{"rendered":"\n<p><em>Foto\/divulga\u00e7\u00e3o<\/em><\/p>\n\n\n\n<p>No <strong>Dia Internacional da Mulher<\/strong>, o espet\u00e1culo <strong>\u201cViagem a \u00cdtaca\u201d<\/strong> retorna com uma <strong>edi\u00e7\u00e3o especial, celebrando a for\u00e7a feminina na m\u00fasica<\/strong>. A apresenta\u00e7\u00e3o acontecer\u00e1 no s\u00e1bado, <strong>8 de mar\u00e7o<\/strong>, \u00e0s <strong>19h<\/strong>, na <strong>Casa Thomas Jefferson (706\/906 Sul)<\/strong>, com<strong> entrada gratuita<\/strong>. <strong>O evento \u00e9 livre para todos os p\u00fablicos, <\/strong>mas os ingressos devem ser garantidos com anteced\u00eancia atrav\u00e9s do Sympla.<\/p>\n\n\n\n<p><strong>Sobre o espet\u00e1culo<\/strong><br>Idealizado pela premiada cantora l\u00edrica brasiliense <strong>Ariadna Moreira<\/strong>, o concerto traz uma nova roupagem, com a participa\u00e7\u00e3o de outras talentosas cantoras l\u00edricas: <strong>Janette Dornellas<\/strong>, <strong>Aida Kellen<\/strong> e <strong>Martha Freitas<\/strong>. Juntas, elas apresentam um repert\u00f3rio exclusivo, com can\u00e7\u00f5es que exaltam compositoras esquecidas pelo tempo e personagens de grande import\u00e2ncia na hist\u00f3ria da m\u00fasica. A noite ser\u00e1 acompanhada por um time de m\u00fasicos de peso, como <strong>Tibor Fittel (piano e arranjos)<\/strong>, <strong>Luiz Paulo Dourado (violino)<\/strong>, <strong>Renata Menezes (clarinete)<\/strong> e <strong>Augusto Guerra Vicente (violoncelo)<\/strong>.<\/p>\n\n\n\n<p><strong>Servi\u00e7o:<\/strong><\/p>\n\n\n\n<ul class=\"wp-block-list\">\n<li><strong>Data:<\/strong> 8 de mar\u00e7o<\/li>\n\n\n\n<li><strong>Hor\u00e1rio:<\/strong> 19h<\/li>\n\n\n\n<li><strong>Local:<\/strong> Casa Thomas Jefferson (706\/906 Sul)<\/li>\n\n\n\n<li><strong>Ingressos:<\/strong> <a href=\"https:\/\/www.sympla.com.br\/evento\/edicao-especial-viagem-a-itaca-dia-internacional-da-mulher\/2860152\">Garanta seu ingresso gratuito pelo Sympla<\/a><\/li>\n\n\n\n<li><strong>Classifica\u00e7\u00e3o:<\/strong> Livre para todos os p\u00fablicos<\/li>\n\n\n\n<li><strong>Mais informa\u00e7\u00f5es:<\/strong> Instagram: <a href=\"https:\/\/www.instagram.com\/ariadnasoprano\">@ariadnasoprano<\/a><\/li>\n<\/ul>\n\n\n\n<p>N\u00e3o perca essa homenagem imperd\u00edvel \u00e0s mulheres da m\u00fasica!<\/p>\n\n\n\n<p>4o mini<\/p>\n","protected":false},"excerpt":{"rendered":"<p>Foto\/divulga\u00e7\u00e3o No Dia Internacional da Mulher, o espet\u00e1culo \u201cViagem a \u00cdtaca\u201d retorna com uma edi\u00e7\u00e3o especial, celebrando a for\u00e7a feminina na m\u00fasica. A apresenta\u00e7\u00e3o acontecer\u00e1 no s\u00e1bado, 8 de mar\u00e7o, \u00e0s 19h, na Casa Thomas Jefferson (706\/906 Sul), com entrada gratuita. O evento \u00e9 livre para todos os p\u00fablicos, mas os ingressos devem ser garantidos [&hellip;]<\/p>\n","protected":false},"author":1441,"featured_media":11589,"comment_status":"open","ping_status":"open","sticky":false,"template":"","format":"standard","meta":{"_monsterinsights_skip_tracking":false,"_monsterinsights_sitenote_active":false,"_monsterinsights_sitenote_note":"","_monsterinsights_sitenote_category":0,"footnotes":""},"categories":[17],"tags":[419],"class_list":["post-11588","post","type-post","status-publish","format-standard","has-post-thumbnail","hentry","category-bsb","tag-brasiliadf-2"],"_links":{"self":[{"href":"https:\/\/cidadecult.com.br\/index.php?rest_route=\/wp\/v2\/posts\/11588","targetHints":{"allow":["GET"]}}],"collection":[{"href":"https:\/\/cidadecult.com.br\/index.php?rest_route=\/wp\/v2\/posts"}],"about":[{"href":"https:\/\/cidadecult.com.br\/index.php?rest_route=\/wp\/v2\/types\/post"}],"author":[{"embeddable":true,"href":"https:\/\/cidadecult.com.br\/index.php?rest_route=\/wp\/v2\/users\/1441"}],"replies":[{"embeddable":true,"href":"https:\/\/cidadecult.com.br\/index.php?rest_route=%2Fwp%2Fv2%2Fcomments&post=11588"}],"version-history":[{"count":1,"href":"https:\/\/cidadecult.com.br\/index.php?rest_route=\/wp\/v2\/posts\/11588\/revisions"}],"predecessor-version":[{"id":11590,"href":"https:\/\/cidadecult.com.br\/index.php?rest_route=\/wp\/v2\/posts\/11588\/revisions\/11590"}],"wp:featuredmedia":[{"embeddable":true,"href":"https:\/\/cidadecult.com.br\/index.php?rest_route=\/wp\/v2\/media\/11589"}],"wp:attachment":[{"href":"https:\/\/cidadecult.com.br\/index.php?rest_route=%2Fwp%2Fv2%2Fmedia&parent=11588"}],"wp:term":[{"taxonomy":"category","embeddable":true,"href":"https:\/\/cidadecult.com.br\/index.php?rest_route=%2Fwp%2Fv2%2Fcategories&post=11588"},{"taxonomy":"post_tag","embeddable":true,"href":"https:\/\/cidadecult.com.br\/index.php?rest_route=%2Fwp%2Fv2%2Ftags&post=11588"}],"curies":[{"name":"wp","href":"https:\/\/api.w.org\/{rel}","templated":true}]}}