{"id":11545,"date":"2025-03-06T12:47:41","date_gmt":"2025-03-06T15:47:41","guid":{"rendered":"https:\/\/cidadecult.com.br\/?p=11545"},"modified":"2025-03-06T12:49:50","modified_gmt":"2025-03-06T15:49:50","slug":"ainda-estou-aqui-fecha-a-mostra-oscar-2025-no-cine-brasilia-com-casa-cheia-e-grande-emocao","status":"publish","type":"post","link":"https:\/\/cidadecult.com.br\/?p=11545","title":{"rendered":"&#8220;Ainda estou aqui&#8221; fecha a mostra Oscar 2025 no Cine Bras\u00edlia com casa cheia e grande emo\u00e7\u00e3o!"},"content":{"rendered":"\n<p><em>Foto: Geovana Albuquerque<\/em><\/p>\n\n\n\n<p><strong>Ontem, o &#8220;Cine Bras\u00edlia&#8221; se tornou o palco de uma sess\u00e3o inesquec\u00edvel do premiado &#8220;Ainda estou aqui&#8221;, filme dirigido por Walter Salles que conquistou o Oscar de &#8220;Melhor filme internacional&#8221;, marcando a primeira vit\u00f3ria do Brasil nesta categoria<\/strong>. <strong>A exibi\u00e7\u00e3o, que fechou com chave de ouro a &#8220;Mostra Oscar 2025&#8221;, reuniu 470 espectadores e emocionou o p\u00fablico com uma obra que retrata a resist\u00eancia pol\u00edtica durante a ditadura militar brasileira, baseada no livro de Marcelo Rubens Paiva.<\/strong><\/p>\n\n\n\n<p>A sala do <strong>Cine Bras\u00edlia<\/strong>, com sua capacidade de <strong>619 poltronas,<\/strong> <strong>recebeu uma plateia apaixonada e cheia de emo\u00e7\u00e3o.<\/strong> Para muitos, a escolha do <strong>Cine Bras\u00edlia n\u00e3o foi apenas uma coincid\u00eancia<\/strong>, <strong>mas uma forma de valoriza\u00e7\u00e3o do cinema nacional. &#8220;N\u00e3o teria lugar melhor para assistir ao filme que n\u00e3o fosse o Cine Bras\u00edlia&#8221;, declarou C\u00e2ndice Rater, <\/strong>que retornou ao cinema para uma segunda sess\u00e3o.<strong> Para ela, a mensagem do filme \u00e9 clara: &#8220;Ditadura nunca mais, sem anistia&#8221;.<\/strong><\/p>\n\n\n\n<p><strong>O longa, que j\u00e1 \u00e9 um fen\u00f4meno de p\u00fablico, arrecadando mais de R$ 150 milh\u00f5es mundialmente e superando 5 milh\u00f5es de espectadores no Brasil, cativou a todos com a atua\u00e7\u00e3o de Fernanda Torres e a dire\u00e7\u00e3o de Salles. <em>&#8220;<\/em>Ainda estou aqui&#8221; traz \u00e0 tona um per\u00edodo doloroso da hist\u00f3ria do pa\u00eds, tocando aqueles que viveram diretamente as consequ\u00eancias da repress\u00e3o.<\/strong><\/p>\n\n\n\n<p><strong>Em entrevista, a diretora do Cine Bras\u00edlia, Sara Rocha, comentou sobre a import\u00e2ncia da sess\u00e3o: &#8220;Promovemos a integra\u00e7\u00e3o entre o p\u00fablico e o melhor do cinema, refor\u00e7ando o papel do Cine Bras\u00edlia como um cinema p\u00fablico, acess\u00edvel a todos&#8221;.<\/strong> O filme tamb\u00e9m foi destacado por espectadores como <strong>Erick Coutinho<\/strong>, que, ao se emocionar com a obra,<strong> afirmou<\/strong> que <em><strong>\u201cvaleria o pr\u00eamio de Melhor Filme\u201d<\/strong><\/em>.<\/p>\n\n\n\n<p>O sucesso da exibi\u00e7\u00e3o de <strong>&#8220;Ainda estou aqui&#8221; <\/strong>no<strong> Cine Bras\u00edlia <\/strong>reafirma<strong> o papel do cinema como espa\u00e7o de reflex\u00e3o e valoriza\u00e7\u00e3o da cultura<\/strong>, lembrando a todos da<strong> import\u00e2ncia de conhecer e preservar a nossa hist\u00f3ria, para que ela n\u00e3o se repita.<\/strong><\/p>\n\n\n\n<p>O cinema nacional segue mostrando sua for\u00e7a, e o &#8220;Cine Bras\u00edlia&#8221; permanece como um s\u00edmbolo do cinema p\u00fablico no Distrito Federal, oferecendo uma programa\u00e7\u00e3o que<strong> <\/strong>reflete a<strong> riqueza da produ\u00e7\u00e3o cultural do Brasil e do mundo.<\/strong><\/p>\n\n\n\n<p><\/p>\n\n\n\n<p><\/p>\n","protected":false},"excerpt":{"rendered":"<p>Foto: Geovana Albuquerque Ontem, o &#8220;Cine Bras\u00edlia&#8221; se tornou o palco de uma sess\u00e3o inesquec\u00edvel do premiado &#8220;Ainda estou aqui&#8221;, filme dirigido por Walter Salles que conquistou o Oscar de &#8220;Melhor filme internacional&#8221;, marcando a primeira vit\u00f3ria do Brasil nesta categoria. A exibi\u00e7\u00e3o, que fechou com chave de ouro a &#8220;Mostra Oscar 2025&#8221;, reuniu 470 [&hellip;]<\/p>\n","protected":false},"author":1441,"featured_media":11546,"comment_status":"open","ping_status":"open","sticky":false,"template":"","format":"standard","meta":{"_monsterinsights_skip_tracking":false,"_monsterinsights_sitenote_active":false,"_monsterinsights_sitenote_note":"","_monsterinsights_sitenote_category":0,"footnotes":""},"categories":[54],"tags":[2995,403,993,615,676,408],"class_list":["post-11545","post","type-post","status-publish","format-standard","has-post-thumbnail","hentry","category-brasil","tag-aindaestouaqui","tag-cidadecult-2","tag-cinebrasilia","tag-cinema-2","tag-cult","tag-cultura-2"],"_links":{"self":[{"href":"https:\/\/cidadecult.com.br\/index.php?rest_route=\/wp\/v2\/posts\/11545","targetHints":{"allow":["GET"]}}],"collection":[{"href":"https:\/\/cidadecult.com.br\/index.php?rest_route=\/wp\/v2\/posts"}],"about":[{"href":"https:\/\/cidadecult.com.br\/index.php?rest_route=\/wp\/v2\/types\/post"}],"author":[{"embeddable":true,"href":"https:\/\/cidadecult.com.br\/index.php?rest_route=\/wp\/v2\/users\/1441"}],"replies":[{"embeddable":true,"href":"https:\/\/cidadecult.com.br\/index.php?rest_route=%2Fwp%2Fv2%2Fcomments&post=11545"}],"version-history":[{"count":1,"href":"https:\/\/cidadecult.com.br\/index.php?rest_route=\/wp\/v2\/posts\/11545\/revisions"}],"predecessor-version":[{"id":11547,"href":"https:\/\/cidadecult.com.br\/index.php?rest_route=\/wp\/v2\/posts\/11545\/revisions\/11547"}],"wp:featuredmedia":[{"embeddable":true,"href":"https:\/\/cidadecult.com.br\/index.php?rest_route=\/wp\/v2\/media\/11546"}],"wp:attachment":[{"href":"https:\/\/cidadecult.com.br\/index.php?rest_route=%2Fwp%2Fv2%2Fmedia&parent=11545"}],"wp:term":[{"taxonomy":"category","embeddable":true,"href":"https:\/\/cidadecult.com.br\/index.php?rest_route=%2Fwp%2Fv2%2Fcategories&post=11545"},{"taxonomy":"post_tag","embeddable":true,"href":"https:\/\/cidadecult.com.br\/index.php?rest_route=%2Fwp%2Fv2%2Ftags&post=11545"}],"curies":[{"name":"wp","href":"https:\/\/api.w.org\/{rel}","templated":true}]}}