{"id":11531,"date":"2025-03-05T14:43:32","date_gmt":"2025-03-05T17:43:32","guid":{"rendered":"https:\/\/cidadecult.com.br\/?p=11531"},"modified":"2025-03-05T14:43:33","modified_gmt":"2025-03-05T17:43:33","slug":"desastres-climaticos-no-brasil-como-os-impactos-afetam-a-vida-cotidiana","status":"publish","type":"post","link":"https:\/\/cidadecult.com.br\/?p=11531","title":{"rendered":"Desastres Clim\u00e1ticos no Brasil: como os impactos afetam a vida cotidiana"},"content":{"rendered":"\n<p><em>Foto\/divulga\u00e7\u00e3o<\/em><\/p>\n\n\n\n<p>Nos \u00faltimos 32 anos, o Brasil tem enfrentado um aumento significativo na frequ\u00eancia de desastres clim\u00e1ticos, como enchentes, secas e inc\u00eandios florestais. Segundo estudo recente, 92% dos munic\u00edpios brasileiros j\u00e1 registraram algum tipo de desastre, refletindo o impacto crescente das mudan\u00e7as clim\u00e1ticas em nossas vidas.<\/p>\n\n\n\n<p>Em 2024, por exemplo, chuvas intensas no Rio Grande do Sul causaram uma trag\u00e9dia, afetando mais de 2,3 milh\u00f5es de pessoas e deixando centenas de mortos e desaparecidos. No Norte do pa\u00eds, a falta de chuvas no Amazonas fez com que o Rio Negro atingisse n\u00edveis alarmantes, afetando diretamente a vida das comunidades ribeirinhas.<\/p>\n\n\n\n<p>Os impactos econ\u00f4micos desses desastres s\u00e3o alarmantes, com preju\u00edzos estimados em bilh\u00f5es de reais. A cada aumento de 0,1\u00b0C na temperatura m\u00e9dia global, o Brasil tem registrado mais desastres clim\u00e1ticos, resultando em danos \u00e0 infraestrutura, \u00e0 agricultura e \u00e0 produ\u00e7\u00e3o local. Esses custos s\u00e3o frequentemente subestimados, j\u00e1 que muitas vezes n\u00e3o refletem perdas n\u00e3o registradas e o impacto em \u00e1reas sociais e culturais.<\/p>\n\n\n\n<p>Al\u00e9m dos preju\u00edzos materiais, os desastres clim\u00e1ticos t\u00eam um efeito profundo na sa\u00fade mental da popula\u00e7\u00e3o. A inseguran\u00e7a e o medo de novas trag\u00e9dias afetam especialmente as pessoas mais vulner\u00e1veis, que enfrentam n\u00e3o apenas a perda de bens, mas tamb\u00e9m de mem\u00f3rias e hist\u00f3rias familiares, resultando em um trauma psicol\u00f3gico duradouro.<\/p>\n\n\n\n<p>Os n\u00fameros s\u00e3o alarmantes: entre 2020 e 2023, quase 78 milh\u00f5es de brasileiros foram afetados por desastres clim\u00e1ticos, o que representa 70% do total de afetados na d\u00e9cada anterior. Isso reflete o aumento da intensidade e da frequ\u00eancia desses eventos, tornando evidente a necessidade de pol\u00edticas p\u00fablicas mais eficazes para mitigar os danos e apoiar a recupera\u00e7\u00e3o das comunidades afetadas.<\/p>\n\n\n\n<p>Esses dados s\u00e3o um alerta para a urg\u00eancia de a\u00e7\u00f5es que integrem a prote\u00e7\u00e3o ambiental, a preven\u00e7\u00e3o de desastres e a adapta\u00e7\u00e3o \u00e0s mudan\u00e7as clim\u00e1ticas, de forma a garantir um futuro mais seguro e sustent\u00e1vel para todos.<\/p>\n\n\n\n<p><\/p>\n","protected":false},"excerpt":{"rendered":"<p>Foto\/divulga\u00e7\u00e3o Nos \u00faltimos 32 anos, o Brasil tem enfrentado um aumento significativo na frequ\u00eancia de desastres clim\u00e1ticos, como enchentes, secas e inc\u00eandios florestais. Segundo estudo recente, 92% dos munic\u00edpios brasileiros j\u00e1 registraram algum tipo de desastre, refletindo o impacto crescente das mudan\u00e7as clim\u00e1ticas em nossas vidas. Em 2024, por exemplo, chuvas intensas no Rio Grande [&hellip;]<\/p>\n","protected":false},"author":1441,"featured_media":11532,"comment_status":"open","ping_status":"open","sticky":false,"template":"","format":"standard","meta":{"_monsterinsights_skip_tracking":false,"_monsterinsights_sitenote_active":false,"_monsterinsights_sitenote_note":"","_monsterinsights_sitenote_category":0,"footnotes":""},"categories":[54],"tags":[],"class_list":["post-11531","post","type-post","status-publish","format-standard","has-post-thumbnail","hentry","category-brasil"],"_links":{"self":[{"href":"https:\/\/cidadecult.com.br\/index.php?rest_route=\/wp\/v2\/posts\/11531","targetHints":{"allow":["GET"]}}],"collection":[{"href":"https:\/\/cidadecult.com.br\/index.php?rest_route=\/wp\/v2\/posts"}],"about":[{"href":"https:\/\/cidadecult.com.br\/index.php?rest_route=\/wp\/v2\/types\/post"}],"author":[{"embeddable":true,"href":"https:\/\/cidadecult.com.br\/index.php?rest_route=\/wp\/v2\/users\/1441"}],"replies":[{"embeddable":true,"href":"https:\/\/cidadecult.com.br\/index.php?rest_route=%2Fwp%2Fv2%2Fcomments&post=11531"}],"version-history":[{"count":1,"href":"https:\/\/cidadecult.com.br\/index.php?rest_route=\/wp\/v2\/posts\/11531\/revisions"}],"predecessor-version":[{"id":11533,"href":"https:\/\/cidadecult.com.br\/index.php?rest_route=\/wp\/v2\/posts\/11531\/revisions\/11533"}],"wp:featuredmedia":[{"embeddable":true,"href":"https:\/\/cidadecult.com.br\/index.php?rest_route=\/wp\/v2\/media\/11532"}],"wp:attachment":[{"href":"https:\/\/cidadecult.com.br\/index.php?rest_route=%2Fwp%2Fv2%2Fmedia&parent=11531"}],"wp:term":[{"taxonomy":"category","embeddable":true,"href":"https:\/\/cidadecult.com.br\/index.php?rest_route=%2Fwp%2Fv2%2Fcategories&post=11531"},{"taxonomy":"post_tag","embeddable":true,"href":"https:\/\/cidadecult.com.br\/index.php?rest_route=%2Fwp%2Fv2%2Ftags&post=11531"}],"curies":[{"name":"wp","href":"https:\/\/api.w.org\/{rel}","templated":true}]}}