{"id":11496,"date":"2026-01-29T15:48:38","date_gmt":"2026-01-29T18:48:38","guid":{"rendered":"https:\/\/cidadecult.com.br\/?p=11496"},"modified":"2026-01-29T15:49:00","modified_gmt":"2026-01-29T18:49:00","slug":"bloco-da-delmina-irreverencia-e-tradicao-no-carnaval-de-taguatinga","status":"publish","type":"post","link":"https:\/\/cidadecult.com.br\/?p=11496","title":{"rendered":"Bloco da Delmina: irrever\u00eancia e tradi\u00e7\u00e3o no carnaval de Taguatinga!"},"content":{"rendered":"\n<p><em>Arte\/divulga\u00e7\u00e3o<\/em><\/p>\n\n\n\n<p>O <strong>Bloco da Delmina <\/strong>chega para <strong>animar o Carnaval <\/strong>de<strong> Taguatinga <\/strong>com uma<strong> mistura de tradi\u00e7\u00e3o<\/strong>, <strong>diversidade e muita m\u00fasica<\/strong>. <strong>Criado em homenagem \u00e0 carnavalesca Delmina, pernambucana que desfilou por mais de cinco d\u00e9cadas no Rio de Janeiro e trouxe sua paix\u00e3o pela folia para o Distrito Federal, o evento resgata a ess\u00eancia dos blocos de rua e promete uma festa inesquec\u00edvel.<\/strong><\/p>\n\n\n\n<p>A festa acontece no dia<strong> 3 de mar\u00e7o, segunda-feira de Carnaval, no estacionamento do Taguaparque,<\/strong> e oferece uma <strong>programa\u00e7\u00e3o vibrante para foli\u00f5es de todas as idades.<\/strong> Inspirado no irreverente<strong> <em>&#8220;Fut samba das piriguety\u2019s&#8221; <\/em>brincadeira que inverte pap\u00e9is nos esportes<\/strong>, o bloco celebra a <strong>inclus\u00e3o e a alegria<\/strong>, embalado por<strong> muito samba, frevo e marchinhas.<\/strong><\/p>\n\n\n\n<p><strong>A partir das 16h, o &#8220;Baile infantil&#8221; abre a folia com um DJ tocando cl\u00e1ssicos carnavalescos.<\/strong> O espa\u00e7o contar\u00e1 com <strong>brinquedos, pipoca<\/strong> e <strong>algod\u00e3o doce<\/strong> <strong>gratuitos<\/strong>, al\u00e9m de <strong>concursos de fantasia <\/strong>e<strong> brincadeiras no palco<\/strong>. <strong>Interven\u00e7\u00f5es culturais refor\u00e7ar\u00e3o mensagens importantes de respeito e seguran\u00e7a no carnaval, como as campanhas &#8220;N\u00e3o \u00e9 n\u00e3o&#8221; e &#8220;Bebeu, n\u00e3o dirija&#8221;.<\/strong><\/p>\n\n\n\n<p>\u00c0s <strong>18h<\/strong>, a <strong>banda &#8220;Del&#8221;<\/strong> assume o palco com um <strong>repert\u00f3rio repleto de frevos, marchinhas e sambas de sal\u00e3o<\/strong>. Em seguida, \u00e0s<strong> 19h, <\/strong>o<strong> grupo &#8220;Samba d\u2019saia&#8221;,<\/strong> liderado pelo <strong>vocalista Karika com K<\/strong>, comanda uma <strong>roda de samba<\/strong> com <strong>convidados especiais<\/strong>. Para encerrar a<strong> noite<\/strong>, uma escola de samba surpresa transformar\u00e1 <strong>Taguatinga <\/strong>em um <strong>verdadeiro reduto carnavalesco carioca, com muita energia at\u00e9 as 23h.<\/strong><\/p>\n\n\n\n<p>Com<strong> entrada gratuita <\/strong>e <strong>estrutura acess\u00edvel,<\/strong> o &#8220;<strong>Bloco da Delmina<\/strong> &#8220;reafirma seu compromisso com um <strong>carnaval diverso, seguro e acolhedor, onde a folia \u00e9 sin\u00f4nimo de respeito e alegria.<\/strong><\/p>\n\n\n\n<p><strong>Bloco da Delmina<\/strong>:                                                                                                                                           \ud83d\udcc5 <strong>Data: <\/strong>03 de mar\u00e7o de 2025 (segunda-feira de Carnaval);                                                                                           \u23f0<strong> Hor\u00e1rio: <\/strong>16h \u00e0s 23h;                                                                                                                                                    \ud83d\udccd <strong>Local:<\/strong> Estacionamento em frente ao Centro Cultural do Taguaparque;                                                                                    \ud83c\udfb6 <strong>Atra\u00e7\u00f5es:<\/strong> DJ, Banda Del, Samba D\u2019Saia e Escola de Samba surpresa;                                                                         \ud83c\udf9f\ufe0f<strong> Entrada gratuita; <\/strong>                                                                                                                                                  \ud83d\udce9 <strong>Mais informa\u00e7\u00f5es:<\/strong> <a>blocodadelmina@gmail.com<\/a>;                                                                                                    \ud83d\udcf2<strong> Instagram: <\/strong><a href=\"https:\/\/www.instagram.com\/blocodadelmina\/\">@blocodadelmina<\/a>.<\/p>\n","protected":false},"excerpt":{"rendered":"<p>Arte\/divulga\u00e7\u00e3o O Bloco da Delmina chega para animar o Carnaval de Taguatinga com uma mistura de tradi\u00e7\u00e3o, diversidade e muita m\u00fasica. Criado em homenagem \u00e0 carnavalesca Delmina, pernambucana que desfilou por mais de cinco d\u00e9cadas no Rio de Janeiro e trouxe sua paix\u00e3o pela folia para o Distrito Federal, o evento resgata a ess\u00eancia dos [&hellip;]<\/p>\n","protected":false},"author":777,"featured_media":11497,"comment_status":"open","ping_status":"open","sticky":false,"template":"","format":"standard","meta":{"_monsterinsights_skip_tracking":false,"_monsterinsights_sitenote_active":false,"_monsterinsights_sitenote_note":"","_monsterinsights_sitenote_category":0,"footnotes":""},"categories":[1],"tags":[],"class_list":["post-11496","post","type-post","status-publish","format-standard","has-post-thumbnail","hentry","category-sem-categoria"],"_links":{"self":[{"href":"https:\/\/cidadecult.com.br\/index.php?rest_route=\/wp\/v2\/posts\/11496","targetHints":{"allow":["GET"]}}],"collection":[{"href":"https:\/\/cidadecult.com.br\/index.php?rest_route=\/wp\/v2\/posts"}],"about":[{"href":"https:\/\/cidadecult.com.br\/index.php?rest_route=\/wp\/v2\/types\/post"}],"author":[{"embeddable":true,"href":"https:\/\/cidadecult.com.br\/index.php?rest_route=\/wp\/v2\/users\/777"}],"replies":[{"embeddable":true,"href":"https:\/\/cidadecult.com.br\/index.php?rest_route=%2Fwp%2Fv2%2Fcomments&post=11496"}],"version-history":[{"count":1,"href":"https:\/\/cidadecult.com.br\/index.php?rest_route=\/wp\/v2\/posts\/11496\/revisions"}],"predecessor-version":[{"id":11498,"href":"https:\/\/cidadecult.com.br\/index.php?rest_route=\/wp\/v2\/posts\/11496\/revisions\/11498"}],"wp:featuredmedia":[{"embeddable":true,"href":"https:\/\/cidadecult.com.br\/index.php?rest_route=\/wp\/v2\/media\/11497"}],"wp:attachment":[{"href":"https:\/\/cidadecult.com.br\/index.php?rest_route=%2Fwp%2Fv2%2Fmedia&parent=11496"}],"wp:term":[{"taxonomy":"category","embeddable":true,"href":"https:\/\/cidadecult.com.br\/index.php?rest_route=%2Fwp%2Fv2%2Fcategories&post=11496"},{"taxonomy":"post_tag","embeddable":true,"href":"https:\/\/cidadecult.com.br\/index.php?rest_route=%2Fwp%2Fv2%2Ftags&post=11496"}],"curies":[{"name":"wp","href":"https:\/\/api.w.org\/{rel}","templated":true}]}}