{"id":11488,"date":"2026-01-29T14:32:34","date_gmt":"2026-01-29T17:32:34","guid":{"rendered":"https:\/\/cidadecult.com.br\/?p=11488"},"modified":"2026-01-29T14:32:36","modified_gmt":"2026-01-29T17:32:36","slug":"cultura-e-carnaval-agitam-o-df-neste-fim-de-semana","status":"publish","type":"post","link":"https:\/\/cidadecult.com.br\/?p=11488","title":{"rendered":"Cultura e carnaval agitam o DF neste fim de semana!"},"content":{"rendered":"\n<p><em>Foto\/divulga\u00e7\u00e3o<\/em><\/p>\n\n\n\n<p><strong>A capital federal entra no clima do Carnaval com blocos de rua para todos os gostos e eventos culturais imperd\u00edveis. <\/strong>A programa\u00e7\u00e3o do<strong> fim de semana<\/strong> re\u00fane <strong>folia, m\u00fasica e arte<\/strong>, promovendo <strong>momentos de lazer e aprendizado<\/strong>. Confira os destaques!.<\/p>\n\n\n\n<h3 class=\"wp-block-heading\"><strong>Blocos de Carnaval<\/strong><\/h3>\n\n\n\n<p>\ud83c\udfad <strong>S\u00e1bado (1\u00ba\/3): Vassourinhas de Bras\u00edlia<\/strong><br>O<strong> tradicional bloco de &#8220;Frevo&#8221; <\/strong>abre o <strong>Carnaval <\/strong>com concentra\u00e7\u00e3o no <strong>Sesi Lab, \u00e0s 15h<\/strong>, e<strong> cortejo <\/strong>at\u00e9 o <strong>Setor carnavalesco Sul. <\/strong>Com a<strong> &#8220;Orquestra popular Marafreboi<\/strong>&#8221; e o <strong>grupo de percuss\u00e3o &#8220;Vivendo &amp; batucando&#8221;,<\/strong> a folia traz <strong>conscientiza\u00e7\u00e3o ambiental<\/strong> em <strong>parceria com o SLU.<\/strong><\/p>\n\n\n\n<p>\ud83c\udf89 <strong>Domingo (2\/3): Bloco das montadas<\/strong><br>O<strong> Museu Nacional da Rep\u00fablica <\/strong>recebe, <strong>a partir das 13h<\/strong>, shows de<strong> Tati Quebra Barraco, Aretuza Lovi, Romero Ferro e Ane \u00caoketu.<\/strong> O evento destaca-se pelo <strong>espa\u00e7o exclusivo para PcDs<\/strong>, garantindo <strong>acessibilidade e conforto.<\/strong><\/p>\n\n\n\n<p>\ud83e\udd41 <strong>Segunda-feira (3\/3): Galinho de Bras\u00edlia<\/strong><br>Com <strong>homenagem<\/strong> a <strong>Juscelino Kubitschek<\/strong>, o bloco anima a<strong> Esplanada dos Minist\u00e9rios <\/strong>com<strong> bonecos gigantes, orquestras de frevo e trios el\u00e9tricos, a partir das 14h<\/strong>. O evento conta com <strong>seguran\u00e7a refor\u00e7ada e infraestrutura completa.<\/strong><\/p>\n\n\n\n<p>\ud83c\udfb6 <strong>Ter\u00e7a-feira (4\/3): Ventoinha de canudo<\/strong><br><strong>Com in\u00edcio \u00e0s 16h20 na Fonte da Torre de TV, o bloco promove cortejo com m\u00fasicos, artistas circenses e maracatu Baque Folha. Haver\u00e1 ainda oficina de perna de pau e espa\u00e7o de acolhimento para m\u00e3es e idosos.<\/strong><\/p>\n\n\n\n<p>Al\u00e9m disso, o <strong>bloco &#8220;Calango alternativo<\/strong>&#8221; traz<strong> diversidade musical <\/strong>com <strong>rock, <em>reggae<\/em> e m\u00fasica afro-brasileira, <\/strong>ocupando as ruas de <strong>Samambaia Sul <\/strong>a partir das <strong>13h.<\/strong><\/p>\n\n\n\n<h3 class=\"wp-block-heading\"><strong>Dicas culturais<\/strong><\/h3>\n\n\n\n<p>\ud83d\udcda <strong>Cursos de arte e cultura<\/strong><br>O<strong> &#8220;Instituto Janelas da Arte, Cidadania e Sustentabilidade<\/strong>&#8221; abre<strong> inscri\u00e7\u00f5es<\/strong> para <strong>cursos gratuitos <\/strong>no <strong>Espa\u00e7o Cultural Renato Russo<\/strong> e no <strong>Instituto No Setor<\/strong>. As oficinas incluem<strong> teatro, viol\u00e3o, circo e aquarela, com vagas limitadas.<\/strong><\/p>\n\n\n\n<p>\ud83c\udfa8 <strong>Exposi\u00e7\u00f5es no memorial dos povos ind\u00edgenas<\/strong><br>Duas mostras destacam a riqueza da arte ind\u00edgena:<\/p>\n\n\n\n<ul class=\"wp-block-list\">\n<li><strong>&#8220;Imenu: arte visual Kaxuyana e Tiriy\u00f3&#8221;<\/strong>, com 30 pinturas inspiradas nos grafismos desses povos.<\/li>\n\n\n\n<li><strong>&#8220;Sar\u00e3, \u00e3bakoh\u00e1y ~ug h\u00e3h\u00e3w: ra\u00edzes, mem\u00f3rias e territ\u00f3rio&#8221;<\/strong>, que reflete a espiritualidade dos povos Pankararu e Patax\u00f3.<\/li>\n<\/ul>\n\n\n\n<p>As exposi\u00e7\u00f5es seguem abertas ao p\u00fablico at\u00e9 23 de mar\u00e7o.<\/p>\n\n\n\n<p>\ud83d\udccd <strong>Servi\u00e7o<\/strong><\/p>\n\n\n\n<ul class=\"wp-block-list\">\n<li><strong>Blocos de carnaval<\/strong>:<strong> Entrada gratuita.<\/strong><\/li>\n\n\n\n<li><strong>Cursos de arte<\/strong>: <strong>Inscri\u00e7\u00f5es<\/strong> via <a href=\"https:\/\/www.instagram.com\/institutojanelasdaarte\/\">Instagram do<strong> <\/strong>Instituto Janelas da Arte.<\/a><\/li>\n\n\n\n<li><strong>Memorial dos Povos Ind\u00edgenas<\/strong>: Aberto de <strong>ter\u00e7a a domingo, das 9h \u00e0s 17h, com acesso livre.<\/strong><\/li>\n<\/ul>\n\n\n\n<p>A cidade est\u00e1 pronta para celebrar!. Escolha sua programa\u00e7\u00e3o e aproveite o melhor do Carnaval e da cultura no DF!. \ud83c\udf8a<\/p>\n","protected":false},"excerpt":{"rendered":"<p>Foto\/divulga\u00e7\u00e3o A capital federal entra no clima do Carnaval com blocos de rua para todos os gostos e eventos culturais imperd\u00edveis. A programa\u00e7\u00e3o do fim de semana re\u00fane folia, m\u00fasica e arte, promovendo momentos de lazer e aprendizado. Confira os destaques!. Blocos de Carnaval \ud83c\udfad S\u00e1bado (1\u00ba\/3): Vassourinhas de Bras\u00edliaO tradicional bloco de &#8220;Frevo&#8221; abre [&hellip;]<\/p>\n","protected":false},"author":777,"featured_media":11489,"comment_status":"open","ping_status":"open","sticky":false,"template":"","format":"standard","meta":{"_monsterinsights_skip_tracking":false,"_monsterinsights_sitenote_active":false,"_monsterinsights_sitenote_note":"","_monsterinsights_sitenote_category":0,"footnotes":""},"categories":[17],"tags":[],"class_list":["post-11488","post","type-post","status-publish","format-standard","has-post-thumbnail","hentry","category-bsb"],"_links":{"self":[{"href":"https:\/\/cidadecult.com.br\/index.php?rest_route=\/wp\/v2\/posts\/11488","targetHints":{"allow":["GET"]}}],"collection":[{"href":"https:\/\/cidadecult.com.br\/index.php?rest_route=\/wp\/v2\/posts"}],"about":[{"href":"https:\/\/cidadecult.com.br\/index.php?rest_route=\/wp\/v2\/types\/post"}],"author":[{"embeddable":true,"href":"https:\/\/cidadecult.com.br\/index.php?rest_route=\/wp\/v2\/users\/777"}],"replies":[{"embeddable":true,"href":"https:\/\/cidadecult.com.br\/index.php?rest_route=%2Fwp%2Fv2%2Fcomments&post=11488"}],"version-history":[{"count":1,"href":"https:\/\/cidadecult.com.br\/index.php?rest_route=\/wp\/v2\/posts\/11488\/revisions"}],"predecessor-version":[{"id":11490,"href":"https:\/\/cidadecult.com.br\/index.php?rest_route=\/wp\/v2\/posts\/11488\/revisions\/11490"}],"wp:featuredmedia":[{"embeddable":true,"href":"https:\/\/cidadecult.com.br\/index.php?rest_route=\/wp\/v2\/media\/11489"}],"wp:attachment":[{"href":"https:\/\/cidadecult.com.br\/index.php?rest_route=%2Fwp%2Fv2%2Fmedia&parent=11488"}],"wp:term":[{"taxonomy":"category","embeddable":true,"href":"https:\/\/cidadecult.com.br\/index.php?rest_route=%2Fwp%2Fv2%2Fcategories&post=11488"},{"taxonomy":"post_tag","embeddable":true,"href":"https:\/\/cidadecult.com.br\/index.php?rest_route=%2Fwp%2Fv2%2Ftags&post=11488"}],"curies":[{"name":"wp","href":"https:\/\/api.w.org\/{rel}","templated":true}]}}