{"id":11483,"date":"2026-01-29T15:49:50","date_gmt":"2026-01-29T18:49:50","guid":{"rendered":"https:\/\/cidadecult.com.br\/?p=11483"},"modified":"2026-01-29T15:49:19","modified_gmt":"2026-01-29T18:49:19","slug":"qualificadf-movel-forma-novos-alunos-no-df","status":"publish","type":"post","link":"https:\/\/cidadecult.com.br\/?p=11483","title":{"rendered":"QualificaDF M\u00f3vel forma novos alunos no DF!"},"content":{"rendered":"\n<p><em>Foto: George Gianni<\/em><\/p>\n\n\n\n<p><strong>O programa &#8220;QualificaDF M\u00f3vel&#8221;, promovido pelo Governo do Distrito Federal (GDF), celebrou a formatura de mais de 700 alunos ontem (27), no Quadrad\u00e3o Cultural do Riacho Fundo II. Com a proposta de ampliar o acesso \u00e0 qualifica\u00e7\u00e3o profissional, o projeto j\u00e1 beneficiou mais de 12 mil pessoas em todo o DF.<\/strong><\/p>\n\n\n\n<p>Nesta etapa, <strong>128 alunos do Riacho Fundo II conclu\u00edram os cursos e receberam seus certificados.<\/strong> A cerim\u00f4nia contou com a presen\u00e7a da <strong>vice-governadora Celina Le\u00e3o<\/strong> e do <strong>secret\u00e1rio de trabalho, Thales Mendes,<\/strong> que <strong>destacaram a import\u00e2ncia da qualifica\u00e7\u00e3o para a entrada no mercado de trabalho e o fortalecimento do empreendedorismo.<\/strong><\/p>\n\n\n\n<p><strong>\u201cA capacita\u00e7\u00e3o abre portas e muda vidas. Muitos dos formandos de hoje j\u00e1 est\u00e3o empreendendo e gerando empregos para outros. Isso mostra a for\u00e7a do conhecimento aliado \u00e0 determina\u00e7\u00e3o\u201d, afirmou Celina Le\u00e3o.<\/strong><\/p>\n\n\n\n<p>J\u00e1 o<strong> secret\u00e1rio Thales Mendes <\/strong>ressaltou a<strong> inclus\u00e3o<\/strong> promovida pelo programa: <strong>\u201cNosso objetivo \u00e9 levar cursos acess\u00edveis \u00e0 popula\u00e7\u00e3o, principalmente para mulheres com filhos, que enfrentam desafios no mercado de trabalho. A qualifica\u00e7\u00e3o \u00e9 um passo fundamental para a independ\u00eancia financeira\u201d.<\/strong><\/p>\n\n\n\n<p>O &#8220;<strong>QualificaDF M\u00f3vel&#8221; <\/strong>oferece <strong>880 vagas por etapa<\/strong>, com <strong>cursos de 80 horas\/aula nos turnos matutino e vespertino.<\/strong> As <strong>op\u00e7\u00f5es<\/strong> incluem <strong><em>designer<\/em> de sobrancelhas<\/strong>, <strong>maquiagem profissional<\/strong>, <strong>administra\u00e7\u00e3o de servi\u00e7os hospitalares<\/strong>, <strong>auxiliar de recursos humanos<\/strong>, <strong><em>design<\/em> gr\u00e1fico<\/strong>, <strong>auxiliar administrativo<\/strong>, <strong>cabeleireiro<\/strong>, <strong>atendente de farm\u00e1cia<\/strong>, <strong>manuten\u00e7\u00e3o de celular<\/strong> e<strong> operador de microcomputadores.<\/strong><\/p>\n\n\n\n<p>Com a capacita\u00e7\u00e3o como ferramenta de <strong>transforma\u00e7\u00e3o social,<\/strong> o programa segue <strong>preparando cidad\u00e3os para novas oportunidades e um futuro profissional promissor.<\/strong><\/p>\n\n\n\n<p><\/p>\n","protected":false},"excerpt":{"rendered":"<p>Foto: George Gianni O programa &#8220;QualificaDF M\u00f3vel&#8221;, promovido pelo Governo do Distrito Federal (GDF), celebrou a formatura de mais de 700 alunos ontem (27), no Quadrad\u00e3o Cultural do Riacho Fundo II. Com a proposta de ampliar o acesso \u00e0 qualifica\u00e7\u00e3o profissional, o projeto j\u00e1 beneficiou mais de 12 mil pessoas em todo o DF. Nesta [&hellip;]<\/p>\n","protected":false},"author":777,"featured_media":11484,"comment_status":"open","ping_status":"open","sticky":false,"template":"","format":"standard","meta":{"_monsterinsights_skip_tracking":false,"_monsterinsights_sitenote_active":false,"_monsterinsights_sitenote_note":"","_monsterinsights_sitenote_category":0,"footnotes":""},"categories":[17,34,290],"tags":[],"class_list":["post-11483","post","type-post","status-publish","format-standard","has-post-thumbnail","hentry","category-bsb","category-destaque","category-educacao"],"_links":{"self":[{"href":"https:\/\/cidadecult.com.br\/index.php?rest_route=\/wp\/v2\/posts\/11483","targetHints":{"allow":["GET"]}}],"collection":[{"href":"https:\/\/cidadecult.com.br\/index.php?rest_route=\/wp\/v2\/posts"}],"about":[{"href":"https:\/\/cidadecult.com.br\/index.php?rest_route=\/wp\/v2\/types\/post"}],"author":[{"embeddable":true,"href":"https:\/\/cidadecult.com.br\/index.php?rest_route=\/wp\/v2\/users\/777"}],"replies":[{"embeddable":true,"href":"https:\/\/cidadecult.com.br\/index.php?rest_route=%2Fwp%2Fv2%2Fcomments&post=11483"}],"version-history":[{"count":1,"href":"https:\/\/cidadecult.com.br\/index.php?rest_route=\/wp\/v2\/posts\/11483\/revisions"}],"predecessor-version":[{"id":11485,"href":"https:\/\/cidadecult.com.br\/index.php?rest_route=\/wp\/v2\/posts\/11483\/revisions\/11485"}],"wp:featuredmedia":[{"embeddable":true,"href":"https:\/\/cidadecult.com.br\/index.php?rest_route=\/wp\/v2\/media\/11484"}],"wp:attachment":[{"href":"https:\/\/cidadecult.com.br\/index.php?rest_route=%2Fwp%2Fv2%2Fmedia&parent=11483"}],"wp:term":[{"taxonomy":"category","embeddable":true,"href":"https:\/\/cidadecult.com.br\/index.php?rest_route=%2Fwp%2Fv2%2Fcategories&post=11483"},{"taxonomy":"post_tag","embeddable":true,"href":"https:\/\/cidadecult.com.br\/index.php?rest_route=%2Fwp%2Fv2%2Ftags&post=11483"}],"curies":[{"name":"wp","href":"https:\/\/api.w.org\/{rel}","templated":true}]}}