{"id":11457,"date":"2025-02-27T12:30:23","date_gmt":"2025-02-27T15:30:23","guid":{"rendered":"https:\/\/cidadecult.com.br\/?p=11457"},"modified":"2025-02-27T12:32:54","modified_gmt":"2025-02-27T15:32:54","slug":"iv-festival-horizonte-de-historias-contadores-selecionados-e-atividades-imperdiveis","status":"publish","type":"post","link":"https:\/\/cidadecult.com.br\/?p=11457","title":{"rendered":"IV Festival Horizonte de Hist\u00f3rias: contadores selecionados e atividades imperd\u00edveis!"},"content":{"rendered":"\n<p><em>Arte\/divulga\u00e7\u00e3o<\/em><\/p>\n\n\n\n<p>O<strong> &#8220;IV Festival Horizonte de Hist\u00f3rias&#8221;<\/strong> est\u00e1 chegando com uma <strong>programa\u00e7\u00e3o cheia de encantos e descobertas<\/strong> no universo da <strong>narra\u00e7\u00e3o oral. Nesta ter\u00e7a-feira (25), foram revelados os 24 contadores de hist\u00f3rias selecionados, que ir\u00e3o transformar o Festival com suas narrativas e performances.<\/strong><\/p>\n\n\n\n<p><strong>A curadora Miriam Rocha deixa seu recado:<\/strong><\/p>\n\n\n\n<p><strong>Miriam Rocha, uma das curadoras do festival, fez quest\u00e3o de agradecer a todos<\/strong> que participaram do edital, destacando o processo seletivo concorrido: <strong>\u201cFoi um processo dif\u00edcil, com muitas propostas. Se sua proposta n\u00e3o foi selecionada, n\u00e3o desanime!. Convidamos todos para se juntar a n\u00f3s nas atividades do festival e celebrar juntos a arte de contar hist\u00f3rias!\u201d, <\/strong>afirmou Miriam.<\/p>\n\n\n\n<p><strong>O que esperar do festival?<\/strong> al\u00e9m das<strong> apresenta\u00e7\u00f5es de contos <\/strong>e <strong>espet\u00e1culos liter\u00e1rios<\/strong>, o festival se dedica a promover a <strong>troca de saberes<\/strong>, oferecendo <strong>atividades formativas<\/strong> que v\u00e3o de<strong> rodas de conversa a oficinas pr\u00e1ticas,<\/strong> tudo para fortalecer a tradi\u00e7\u00e3o da narra\u00e7\u00e3o de hist\u00f3rias.<\/p>\n\n\n\n<p><strong>Destaques da programa\u00e7\u00e3o:<\/strong><\/p>\n\n\n\n<ul class=\"wp-block-list\">\n<li><strong>Resid\u00eancia art\u00edstica com Warley Goulart (18 a 21 de mar\u00e7o)<\/strong>: Em <strong>Brazl\u00e2ndia<\/strong>, <strong>Warley Goulart, do grupo \u201cOs tapetes contadores de hist\u00f3rias\u201d, ir\u00e1 guiar os participantes na resid\u00eancia sobre &#8220;Palavra: a mat\u00e9ria prima na arte-of\u00edcio do contador de hist\u00f3rias&#8221;.<\/strong> Uma oportunidade \u00fanica de imers\u00e3o!.<\/li>\n\n\n\n<li><strong>Oficinas pr\u00e1ticas e rodas de conversa<\/strong>: Durante o festival, ser\u00e3o oferecidas <strong>oficinas voltadas para professores, monitores, contadores de hist\u00f3rias, idosos e estudantes de cuidadores.<\/strong> As<strong> rodas de conversa<\/strong> contar\u00e3o com a<strong> presen\u00e7a de grandes nomes da arte narrativa, como Tino Freitas, Joana Abreu, Eliana Carneiro, Tico Magalh\u00e3es e outros.<\/strong><\/li>\n<\/ul>\n\n\n\n<p><strong>Confira a lista completa dos 24 contadores selecionados:<\/strong> <\/p>\n\n\n\n<ol class=\"wp-block-list\">\n<li>Ana Carolina Pinheiro Machado Mazzolini;<\/li>\n\n\n\n<li>Ana Marize Solino de Carvalho e Sissy Faveri;<\/li>\n\n\n\n<li>Carlos Eduardo S. de Souza;<\/li>\n\n\n\n<li>Carolina Gomes Cidade;<\/li>\n\n\n\n<li>Claudia Teixeira do Nascimento;<\/li>\n\n\n\n<li>Cristina Aparecida Leite;<\/li>\n\n\n\n<li>Eliana Johansson Carneiro;<\/li>\n\n\n\n<li>Elizabete Moreno Feitoza;<\/li>\n\n\n\n<li>Estela Pinto de Souza;<\/li>\n\n\n\n<li>F\u00e1tima Regina Cardoso Leite;<\/li>\n\n\n\n<li>Gisele Gemmi Chiari;<\/li>\n\n\n\n<li>Hozana Cristina Costa de Sousa;<\/li>\n\n\n\n<li>Icl\u00e9lia Rodrigues Maranh\u00e3o;<\/li>\n\n\n\n<li>Jos\u00e9 Regino de Oliveira;<\/li>\n\n\n\n<li>J\u00falia Brito Fagundes;<\/li>\n\n\n\n<li>K\u00e9ssia Daline Tavares dos Santos;<\/li>\n\n\n\n<li>Let\u00edcia Rocha Mour\u00e3o Marques;<\/li>\n\n\n\n<li>Luisa Nem\u00e9sio Toller Motta;<\/li>\n\n\n\n<li>Maria da Guia Carolina Rodrigues Ribeiro;<\/li>\n\n\n\n<li>Moacyr Sixto Brito J\u00fanior;<\/li>\n\n\n\n<li>Queila Branco Barbacena Campos Dias;<\/li>\n\n\n\n<li>Raquel Gon\u00e7alves Ferreira;<\/li>\n\n\n\n<li>Renata Cristina Fonseca de Rezende. <\/li>\n<\/ol>\n\n\n\n<p><strong>Inscri\u00e7\u00f5es abertas para oficinas e atividades formativas:<\/strong> Se voc\u00ea \u00e9 <strong>apaixonado pela arte de contar hist\u00f3rias<\/strong>, aproveite para se inscrever nas oficinas que est\u00e3o com <strong>inscri\u00e7\u00f5es abertas at\u00e9 10 de mar\u00e7o<\/strong>. As <strong>vagas s\u00e3o limitadas<\/strong>, ent\u00e3o n\u00e3o perca tempo!. <\/p>\n\n\n\n<p><strong>N\u00e3o fique de fora!. O &#8220;IV Festival Horizonte de Hist\u00f3rias&#8221; \u00e9 totalmente gratuito e ser\u00e1 uma experi\u00eancia transformadora para quem ama a arte da narra\u00e7\u00e3o oral. Vamos celebrar o poder das palavras e dar asas \u00e0 imagina\u00e7\u00e3o!. <\/strong><\/p>\n\n\n\n<p><strong>Acesse o <a href=\"https:\/\/festivalhorizontedehistorias.com\/\">site do Festival <\/a><\/strong>para <strong>inscri\u00e7\u00f5es <\/strong>e<strong> mais detalhes<\/strong> para acompanhar a programa\u00e7\u00e3o completa. Estamos esperando voc\u00ea para vivenciar a magia das hist\u00f3rias!. <\/p>\n","protected":false},"excerpt":{"rendered":"<p>Arte\/divulga\u00e7\u00e3o O &#8220;IV Festival Horizonte de Hist\u00f3rias&#8221; est\u00e1 chegando com uma programa\u00e7\u00e3o cheia de encantos e descobertas no universo da narra\u00e7\u00e3o oral. Nesta ter\u00e7a-feira (25), foram revelados os 24 contadores de hist\u00f3rias selecionados, que ir\u00e3o transformar o Festival com suas narrativas e performances. A curadora Miriam Rocha deixa seu recado: Miriam Rocha, uma das curadoras [&hellip;]<\/p>\n","protected":false},"author":1441,"featured_media":11458,"comment_status":"open","ping_status":"open","sticky":false,"template":"","format":"standard","meta":{"_monsterinsights_skip_tracking":false,"_monsterinsights_sitenote_active":false,"_monsterinsights_sitenote_note":"","_monsterinsights_sitenote_category":0,"footnotes":""},"categories":[41,17,34,3,43],"tags":[4503,403,423,487,4308],"class_list":["post-11457","post","type-post","status-publish","format-standard","has-post-thumbnail","hentry","category-agenda","category-bsb","category-destaque","category-entertainment","category-releases","tag-atividades","tag-cidadecult-2","tag-cidadecultpordentro-2","tag-destaque","tag-festivalhorizontedehistorias"],"_links":{"self":[{"href":"https:\/\/cidadecult.com.br\/index.php?rest_route=\/wp\/v2\/posts\/11457","targetHints":{"allow":["GET"]}}],"collection":[{"href":"https:\/\/cidadecult.com.br\/index.php?rest_route=\/wp\/v2\/posts"}],"about":[{"href":"https:\/\/cidadecult.com.br\/index.php?rest_route=\/wp\/v2\/types\/post"}],"author":[{"embeddable":true,"href":"https:\/\/cidadecult.com.br\/index.php?rest_route=\/wp\/v2\/users\/1441"}],"replies":[{"embeddable":true,"href":"https:\/\/cidadecult.com.br\/index.php?rest_route=%2Fwp%2Fv2%2Fcomments&post=11457"}],"version-history":[{"count":1,"href":"https:\/\/cidadecult.com.br\/index.php?rest_route=\/wp\/v2\/posts\/11457\/revisions"}],"predecessor-version":[{"id":11459,"href":"https:\/\/cidadecult.com.br\/index.php?rest_route=\/wp\/v2\/posts\/11457\/revisions\/11459"}],"wp:featuredmedia":[{"embeddable":true,"href":"https:\/\/cidadecult.com.br\/index.php?rest_route=\/wp\/v2\/media\/11458"}],"wp:attachment":[{"href":"https:\/\/cidadecult.com.br\/index.php?rest_route=%2Fwp%2Fv2%2Fmedia&parent=11457"}],"wp:term":[{"taxonomy":"category","embeddable":true,"href":"https:\/\/cidadecult.com.br\/index.php?rest_route=%2Fwp%2Fv2%2Fcategories&post=11457"},{"taxonomy":"post_tag","embeddable":true,"href":"https:\/\/cidadecult.com.br\/index.php?rest_route=%2Fwp%2Fv2%2Ftags&post=11457"}],"curies":[{"name":"wp","href":"https:\/\/api.w.org\/{rel}","templated":true}]}}