{"id":11448,"date":"2025-02-27T11:30:59","date_gmt":"2025-02-27T14:30:59","guid":{"rendered":"https:\/\/cidadecult.com.br\/?p=11448"},"modified":"2025-02-27T11:33:16","modified_gmt":"2025-02-27T14:33:16","slug":"portadores-dalegria-promove-carnaval-inclusivo-e-sustentavel-em-brasilia","status":"publish","type":"post","link":"https:\/\/cidadecult.com.br\/?p=11448","title":{"rendered":"Portadores d\u2019alegria promove carnaval inclusivo e sustent\u00e1vel em Bras\u00edlia!"},"content":{"rendered":"\n<p><em>Foto\/divulga\u00e7\u00e3o<\/em><\/p>\n\n\n\n<p><strong>Eleito o bloco mais limpo do DF, o &#8220;Portadores d\u2019alegria&#8221; volta a garantir acessibilidade e conscientiza\u00e7\u00e3o ambiental na folia de 2025.<\/strong><\/p>\n\n\n\n<p>Criado para proporcionar um <strong>ambiente seguro e acess\u00edvel,<\/strong> o <strong>bloco &#8220;Portadores d\u2019alegria&#8221;<\/strong> se tornou <strong>refer\u00eancia<\/strong> ao oferecer um<strong> espa\u00e7o onde pessoas com defici\u00eancia podem aproveitar o Carnaval com liberdade e seguran\u00e7a<\/strong>. A <strong>edi\u00e7\u00e3o de 2025<\/strong> acontece no dia <strong>4 de mar\u00e7o (ter\u00e7a-feira),<\/strong> no <strong>Estacionamento 12 d<\/strong>o <strong>Parque da Cidade<\/strong>, <strong>a partir das 13h30,<\/strong> com uma <strong>programa\u00e7\u00e3o diversa e inclusiva.<\/strong><\/p>\n\n\n\n<p>Entre as<strong> atra\u00e7\u00f5es confirmadas<\/strong> est\u00e3o a<strong> banda &#8220;Portadores da alegria&#8221;,<\/strong> a<strong> tradicional &#8220;Baratinha<\/strong>&#8220;, a <strong>banda &#8220;Trem das cores&#8221;<\/strong> e o <strong>DJ Daniel Victor,<\/strong> <strong>que \u00e9 PcD e refor\u00e7a a diversidade no cen\u00e1rio musical<\/strong>. O evento conta com<strong> infraestrutura planejada<\/strong> para garantir <strong>conforto e acessibilidade,<\/strong> permitindo que todos os foli\u00f5es celebrem sem barreiras.<\/p>\n\n\n\n<p><strong>Inclus\u00e3o e representatividade no Carnaval<\/strong><\/p>\n\n\n\n<p><strong>Paulo Henrique de Oliveira, produtor do bloco, destaca o compromisso do evento com a inclus\u00e3o: \u201cO Carnaval \u00e9 para todos. Nosso bloco nasceu da necessidade de um espa\u00e7o onde pessoas com defici\u00eancia pudessem brincar e sentir-se parte da festa. N\u00e3o \u00e9 um espa\u00e7o exclusivo, mas inclusivo. Aqui, a folia \u00e9 para todo mundo.\u201d<\/strong><\/p>\n\n\n\n<p>Al\u00e9m da<strong> acessibilidad<\/strong>e, o bloco tamb\u00e9m se destaca pelo seu compromisso com a<strong> sustentabilidade.<\/strong><\/p>\n\n\n\n<p><strong>Bloco mais limpo do DF<\/strong><\/p>\n\n\n\n<p><strong>Em 2024, o &#8220;Portadores d\u2019alegria&#8221; foi eleito o bloco mais limpo do carnaval de Bras\u00edlia<\/strong>, um t\u00edtulo conquistado pelo compromisso com a <strong>conscientiza\u00e7\u00e3o ambiental.<\/strong> A organiza\u00e7\u00e3o do evento implementa <strong>diversas a\u00e7\u00f5es para reduzir o impacto ambiental,<\/strong> incluindo <strong>pontos de coleta seletiva espalhados pelo local <\/strong>e<strong> campanhas para incentivar o uso de copos reutiliz\u00e1veis,<\/strong> minimizando o descarte de pl\u00e1stico.<\/p>\n\n\n\n<p>O reconhecimento como<strong> \u201cBloco mais limpo do DF\u201d<\/strong> demonstra o esfor\u00e7o coletivo para garantir que a festa seja n\u00e3o apenas <strong>inclusiva<\/strong>, mas tamb\u00e9m <strong>sustent\u00e1vel,<\/strong> criando um modelo para outros eventos carnavalescos da cidade.<\/p>\n\n\n\n<p><strong>Servi\u00e7o<\/strong><br>\ud83d\udccd Bloco<strong> Portadores d\u2019alegria<\/strong>;<br>\ud83d\udcc5 <strong>Data: <\/strong>04\/03\/2025 (ter\u00e7a-feira de Carnaval);<br>\ud83d\udd52<strong> Hor\u00e1rio:<\/strong> das 13h30 \u00e0s 19h30;<br>\ud83d\udccd<strong> Local<\/strong>: Estacionamento 12 do Parque da Cidade;<br>\ud83c\udf9f<strong> Entrada gratuita<\/strong>;<br>\ud83d\udcf2<strong> Instagram<\/strong>: <a href=\"https:\/\/www.instagram.com\/portadoresdalegria\">@portadoresdalegria<\/a>.<\/p>\n\n\n\n<p>\ud83d\udcde <strong>Atendimento \u00e0 imprensa<\/strong>: Tiago Viana \u2013 (61) 99267-7146.<\/p>\n","protected":false},"excerpt":{"rendered":"<p>Foto\/divulga\u00e7\u00e3o Eleito o bloco mais limpo do DF, o &#8220;Portadores d\u2019alegria&#8221; volta a garantir acessibilidade e conscientiza\u00e7\u00e3o ambiental na folia de 2025. Criado para proporcionar um ambiente seguro e acess\u00edvel, o bloco &#8220;Portadores d\u2019alegria&#8221; se tornou refer\u00eancia ao oferecer um espa\u00e7o onde pessoas com defici\u00eancia podem aproveitar o Carnaval com liberdade e seguran\u00e7a. A edi\u00e7\u00e3o [&hellip;]<\/p>\n","protected":false},"author":1441,"featured_media":11449,"comment_status":"open","ping_status":"open","sticky":false,"template":"","format":"standard","meta":{"_monsterinsights_skip_tracking":false,"_monsterinsights_sitenote_active":false,"_monsterinsights_sitenote_note":"","_monsterinsights_sitenote_category":0,"footnotes":""},"categories":[41,17,34,2576,3,43],"tags":[419,4497,709],"class_list":["post-11448","post","type-post","status-publish","format-standard","has-post-thumbnail","hentry","category-agenda","category-bsb","category-destaque","category-diversao","category-entertainment","category-releases","tag-brasiliadf-2","tag-portadoresdalegria","tag-sustentavel"],"_links":{"self":[{"href":"https:\/\/cidadecult.com.br\/index.php?rest_route=\/wp\/v2\/posts\/11448","targetHints":{"allow":["GET"]}}],"collection":[{"href":"https:\/\/cidadecult.com.br\/index.php?rest_route=\/wp\/v2\/posts"}],"about":[{"href":"https:\/\/cidadecult.com.br\/index.php?rest_route=\/wp\/v2\/types\/post"}],"author":[{"embeddable":true,"href":"https:\/\/cidadecult.com.br\/index.php?rest_route=\/wp\/v2\/users\/1441"}],"replies":[{"embeddable":true,"href":"https:\/\/cidadecult.com.br\/index.php?rest_route=%2Fwp%2Fv2%2Fcomments&post=11448"}],"version-history":[{"count":1,"href":"https:\/\/cidadecult.com.br\/index.php?rest_route=\/wp\/v2\/posts\/11448\/revisions"}],"predecessor-version":[{"id":11450,"href":"https:\/\/cidadecult.com.br\/index.php?rest_route=\/wp\/v2\/posts\/11448\/revisions\/11450"}],"wp:featuredmedia":[{"embeddable":true,"href":"https:\/\/cidadecult.com.br\/index.php?rest_route=\/wp\/v2\/media\/11449"}],"wp:attachment":[{"href":"https:\/\/cidadecult.com.br\/index.php?rest_route=%2Fwp%2Fv2%2Fmedia&parent=11448"}],"wp:term":[{"taxonomy":"category","embeddable":true,"href":"https:\/\/cidadecult.com.br\/index.php?rest_route=%2Fwp%2Fv2%2Fcategories&post=11448"},{"taxonomy":"post_tag","embeddable":true,"href":"https:\/\/cidadecult.com.br\/index.php?rest_route=%2Fwp%2Fv2%2Ftags&post=11448"}],"curies":[{"name":"wp","href":"https:\/\/api.w.org\/{rel}","templated":true}]}}