{"id":11392,"date":"2025-02-25T10:33:18","date_gmt":"2025-02-25T13:33:18","guid":{"rendered":"https:\/\/cidadecult.com.br\/?p=11392"},"modified":"2025-02-25T10:35:07","modified_gmt":"2025-02-25T13:35:07","slug":"pe-de-meia-beneficio-chega-aos-formandos-do-ensino-medio-em-2024","status":"publish","type":"post","link":"https:\/\/cidadecult.com.br\/?p=11392","title":{"rendered":"P\u00e9-de-Meia: benef\u00edcio chega aos formandos do ensino m\u00e9dio em 2024"},"content":{"rendered":"\n<p><em>Foto: Ant\u00f4nio Cruz<\/em><\/p>\n\n\n\n<p><strong>Os estudantes que conclu\u00edram o ensino m\u00e9dio em 2024 pelo programa P\u00e9-de-Meia come\u00e7am a receber, a partir desta ter\u00e7a-feira (25), a parcela de R$ 1 mil referente ao incentivo-conclus\u00e3o<\/strong>. Al\u00e9m disso,<strong> aqueles que participaram dos dois dias do Exame Nacional do Ensino M\u00e9dio (Enem) no ano passado recebem um b\u00f4nus adicional de R$ 200.<\/strong><\/p>\n\n\n\n<p><strong>Os dep\u00f3sitos, realizados pelo Minist\u00e9rio da Educa\u00e7\u00e3o (MEC), s\u00e3o feitos automaticamente em contas abertas na Caixa Econ\u00f4mica Federal em nome dos benefici\u00e1rios.<\/strong> <strong>O pagamento segue um cronograma conforme o m\u00eas de nascimento: nesta ter\u00e7a-feira (25), recebem os nascidos de janeiro a junho; na quarta-feira (26), os nascidos de julho a dezembro.<\/strong><\/p>\n\n\n\n<p><strong>Dep\u00f3sitos programados para os estudantes do 1\u00ba e 2\u00ba ano<\/strong>: <\/p>\n\n\n\n<p><strong>J\u00e1 na quinta-feira (27), os estudantes que foram aprovados no 1\u00ba ou 2\u00ba ano do ensino m\u00e9dio em 2024 tamb\u00e9m ter\u00e3o direito a R$ 1 mil, mas o valor ser\u00e1 depositado na modalidade poupan\u00e7a, podendo ser acessado apenas quando conclu\u00edrem o ensino m\u00e9dio.<\/strong><\/p>\n\n\n\n<p>Para verificar a <strong>elegibilidade ao programa,<\/strong> os estudantes devem acessar o <a href=\"https:\/\/www.bing.com\/ck\/a?!&amp;&amp;p=6ca7a4fc4a8a4084289214012f294e6a92f676abf2d9ffb63283790418aa55e1JmltdHM9MTc0MDQ0MTYwMA&amp;ptn=3&amp;ver=2&amp;hsh=4&amp;fclid=13d77726-e7a5-63c4-164c-6338e6a562ca&amp;psq=jornada+do+estudante+aplicativo&amp;u=a1aHR0cHM6Ly93d3cuZ292LmJyL21lYy9wdC1ici9qb3JuYWRhZG9lc3R1ZGFudGU&amp;ntb=1\">aplicativo<strong> Jornada do Estudante<\/strong>,<\/a> utilizando o login do <strong><a href=\"https:\/\/www.bing.com\/ck\/a?!&amp;&amp;p=26d3817f941437a319980f8b3e050aa0ab44629da279c203a52041d6e0042d68JmltdHM9MTc0MDQ0MTYwMA&amp;ptn=3&amp;ver=2&amp;hsh=4&amp;fclid=13d77726-e7a5-63c4-164c-6338e6a562ca&amp;psq=portal+gov.br&amp;u=a1aHR0cHM6Ly93d3cuZ292LmJyL3B0LWJyLw&amp;ntb=1\">portal Gov.br.<\/a><\/strong><\/p>\n\n\n\n<p><strong>Apoio para perman\u00eancia na escola<\/strong><\/p>\n\n\n\n<p><strong>O P\u00e9-de-Meia tem feito diferen\u00e7a na vida dos alunos da rede p\u00fablica<\/strong>. Segundo a <strong>diretora<\/strong> do <strong>Centro de Ensino M\u00e9dio Setor Oeste<\/strong>, em <strong>Bras\u00edlia<\/strong>,<strong> Edna Torres<\/strong>, <strong>o benef\u00edcio auxilia na alimenta\u00e7\u00e3o, transporte e at\u00e9 na vestimenta dos estudantes, contribuindo para a redu\u00e7\u00e3o da evas\u00e3o escolar.<\/strong><\/p>\n\n\n\n<p><strong>A estudante Aline Rocha Soares, do Centro Educacional 619 de Samambaia, afirma que o benef\u00edcio tem sido fundamental para auxiliar em despesas pessoais e para economizar com foco nos estudos. \u201cGuardo parte do dinheiro para investir no meu futuro acad\u00eamico\u201d, relata a jovem.<\/strong><\/p>\n\n\n\n<p><strong>Quem tem direito ao P\u00e9-de-meia?<\/strong><\/p>\n\n\n\n<p><strong>O programa atende estudantes do ensino m\u00e9dio da rede p\u00fablica que estejam inscritos no Cadastro \u00danico para Programas Sociais do Governo Federal (Cad\u00danico) e sejam benefici\u00e1rios do Bolsa Fam\u00edlia desde janeiro de 2024<\/strong>. <strong>Al\u00e9m disso, devem estar matriculados at\u00e9 dois meses ap\u00f3s o in\u00edcio do ano letivo e possuir Cadastro de Pessoa F\u00edsica (CPF) para a conta Gov.br.<\/strong><\/p>\n\n\n\n<p><strong>O MEC refor\u00e7a que o calend\u00e1rio de pagamentos dos benef\u00edcios de 2025 ser\u00e1 divulgado em mar\u00e7o. <\/strong>Para <strong>mais informa\u00e7\u00f5es<\/strong>, os estudantes podem acessar o<strong> app Jornada do Estudante, o site do MEC ou os canais de atendimento da Caixa Econ\u00f4mica Federal.<\/strong><\/p>\n","protected":false},"excerpt":{"rendered":"<p>Foto: Ant\u00f4nio Cruz Os estudantes que conclu\u00edram o ensino m\u00e9dio em 2024 pelo programa P\u00e9-de-Meia come\u00e7am a receber, a partir desta ter\u00e7a-feira (25), a parcela de R$ 1 mil referente ao incentivo-conclus\u00e3o. Al\u00e9m disso, aqueles que participaram dos dois dias do Exame Nacional do Ensino M\u00e9dio (Enem) no ano passado recebem um b\u00f4nus adicional de [&hellip;]<\/p>\n","protected":false},"author":1441,"featured_media":11393,"comment_status":"open","ping_status":"open","sticky":false,"template":"","format":"standard","meta":{"_monsterinsights_skip_tracking":false,"_monsterinsights_sitenote_active":false,"_monsterinsights_sitenote_note":"","_monsterinsights_sitenote_category":0,"footnotes":""},"categories":[54,290],"tags":[746,439,3282,487],"class_list":["post-11392","post","type-post","status-publish","format-standard","has-post-thumbnail","hentry","category-brasil","category-educacao","tag-2024-2","tag-brasil-2","tag-brasileducacao","tag-destaque"],"_links":{"self":[{"href":"https:\/\/cidadecult.com.br\/index.php?rest_route=\/wp\/v2\/posts\/11392","targetHints":{"allow":["GET"]}}],"collection":[{"href":"https:\/\/cidadecult.com.br\/index.php?rest_route=\/wp\/v2\/posts"}],"about":[{"href":"https:\/\/cidadecult.com.br\/index.php?rest_route=\/wp\/v2\/types\/post"}],"author":[{"embeddable":true,"href":"https:\/\/cidadecult.com.br\/index.php?rest_route=\/wp\/v2\/users\/1441"}],"replies":[{"embeddable":true,"href":"https:\/\/cidadecult.com.br\/index.php?rest_route=%2Fwp%2Fv2%2Fcomments&post=11392"}],"version-history":[{"count":1,"href":"https:\/\/cidadecult.com.br\/index.php?rest_route=\/wp\/v2\/posts\/11392\/revisions"}],"predecessor-version":[{"id":11394,"href":"https:\/\/cidadecult.com.br\/index.php?rest_route=\/wp\/v2\/posts\/11392\/revisions\/11394"}],"wp:featuredmedia":[{"embeddable":true,"href":"https:\/\/cidadecult.com.br\/index.php?rest_route=\/wp\/v2\/media\/11393"}],"wp:attachment":[{"href":"https:\/\/cidadecult.com.br\/index.php?rest_route=%2Fwp%2Fv2%2Fmedia&parent=11392"}],"wp:term":[{"taxonomy":"category","embeddable":true,"href":"https:\/\/cidadecult.com.br\/index.php?rest_route=%2Fwp%2Fv2%2Fcategories&post=11392"},{"taxonomy":"post_tag","embeddable":true,"href":"https:\/\/cidadecult.com.br\/index.php?rest_route=%2Fwp%2Fv2%2Ftags&post=11392"}],"curies":[{"name":"wp","href":"https:\/\/api.w.org\/{rel}","templated":true}]}}