{"id":11384,"date":"2025-02-24T13:16:41","date_gmt":"2025-02-24T16:16:41","guid":{"rendered":"https:\/\/cidadecult.com.br\/?p=11384"},"modified":"2025-02-24T13:16:43","modified_gmt":"2025-02-24T16:16:43","slug":"ativistas-protestam-contra-general-acusado-pela-morte-de-rubens-paiva-no-rio-de-janeiro","status":"publish","type":"post","link":"https:\/\/cidadecult.com.br\/?p=11384","title":{"rendered":"Ativistas protestam contra general acusado pela morte de Rubens Paiva no Rio de Janeiro"},"content":{"rendered":"\n<p><em>Foto\/divulga\u00e7\u00e3o<\/em><\/p>\n\n\n\n<p>Hoje (24), ativistas do Levante Popular da Juventude realizaram um protesto em frente \u00e0 resid\u00eancia do general reformado Jos\u00e9 Ant\u00f4nio Nogueira Belham, no Rio de Janeiro. O militar \u00e9 acusado de ser respons\u00e1vel pela morte do ex-deputado federal Rubens Paiva, um dos casos mais emblem\u00e1ticos de repress\u00e3o durante a ditadura militar.<\/p>\n\n\n\n<p>O protesto aconteceu na zona sul da cidade, onde os manifestantes pintaram no asfalto a frase <em>&#8220;Ainda estamos aqui&#8221;<\/em>, em refer\u00eancia ao filme que conta a hist\u00f3ria da fam\u00edlia Paiva. Tamb\u00e9m foram levantados cartazes com fotos de Rubens Paiva e de outras v\u00edtimas do regime militar, como os estudantes Helenira Resende, Honestino Guimar\u00e3es e Edson Lu\u00eds. O objetivo do ato foi destacar a luta pela justi\u00e7a e a revis\u00e3o da Lei da Anistia, especialmente no que diz respeito a crimes como oculta\u00e7\u00e3o de cad\u00e1ver e desaparecimento for\u00e7ado.<\/p>\n\n\n\n<p>A Comiss\u00e3o da Verdade, em 2014, apontou Belham como um dos respons\u00e1veis pela morte de Paiva, com base em provas documentais e depoimentos de ex-agentes da repress\u00e3o. Apesar de Belham afirmar que estava de f\u00e9rias no per\u00edodo do assassinato, as evid\u00eancias contrariam sua vers\u00e3o. A den\u00fancia feita pelo Minist\u00e9rio P\u00fablico Federal foi inicialmente arquivada, mas o Supremo Tribunal Federal (STF) ir\u00e1 reavaliar o caso.<\/p>\n\n\n\n<p>O Levante Popular da Juventude tamb\u00e9m cobra a expuls\u00e3o dos militares envolvidos em torturas durante a ditadura e a perda de seus benef\u00edcios. A organiza\u00e7\u00e3o, em comunicado, reafirma seu compromisso com a justi\u00e7a e com a constru\u00e7\u00e3o de uma sociedade democr\u00e1tica, sem esquecer o passado sombrio da repress\u00e3o militar.<\/p>\n\n\n\n<p><strong>O caso de Rubens Paiva continua a ser um s\u00edmbolo da luta por justi\u00e7a, e os ativistas seguem firmes em seu pedido por responsabiliza\u00e7\u00e3o e verdade<\/strong>.<\/p>\n\n\n\n<p><\/p>\n","protected":false},"excerpt":{"rendered":"<p>Foto\/divulga\u00e7\u00e3o Hoje (24), ativistas do Levante Popular da Juventude realizaram um protesto em frente \u00e0 resid\u00eancia do general reformado Jos\u00e9 Ant\u00f4nio Nogueira Belham, no Rio de Janeiro. O militar \u00e9 acusado de ser respons\u00e1vel pela morte do ex-deputado federal Rubens Paiva, um dos casos mais emblem\u00e1ticos de repress\u00e3o durante a ditadura militar. O protesto aconteceu [&hellip;]<\/p>\n","protected":false},"author":1441,"featured_media":11385,"comment_status":"open","ping_status":"open","sticky":false,"template":"","format":"standard","meta":{"_monsterinsights_skip_tracking":false,"_monsterinsights_sitenote_active":false,"_monsterinsights_sitenote_note":"","_monsterinsights_sitenote_category":0,"footnotes":""},"categories":[54],"tags":[4466],"class_list":["post-11384","post","type-post","status-publish","format-standard","has-post-thumbnail","hentry","category-brasil","tag-rubenspaiva"],"_links":{"self":[{"href":"https:\/\/cidadecult.com.br\/index.php?rest_route=\/wp\/v2\/posts\/11384","targetHints":{"allow":["GET"]}}],"collection":[{"href":"https:\/\/cidadecult.com.br\/index.php?rest_route=\/wp\/v2\/posts"}],"about":[{"href":"https:\/\/cidadecult.com.br\/index.php?rest_route=\/wp\/v2\/types\/post"}],"author":[{"embeddable":true,"href":"https:\/\/cidadecult.com.br\/index.php?rest_route=\/wp\/v2\/users\/1441"}],"replies":[{"embeddable":true,"href":"https:\/\/cidadecult.com.br\/index.php?rest_route=%2Fwp%2Fv2%2Fcomments&post=11384"}],"version-history":[{"count":1,"href":"https:\/\/cidadecult.com.br\/index.php?rest_route=\/wp\/v2\/posts\/11384\/revisions"}],"predecessor-version":[{"id":11386,"href":"https:\/\/cidadecult.com.br\/index.php?rest_route=\/wp\/v2\/posts\/11384\/revisions\/11386"}],"wp:featuredmedia":[{"embeddable":true,"href":"https:\/\/cidadecult.com.br\/index.php?rest_route=\/wp\/v2\/media\/11385"}],"wp:attachment":[{"href":"https:\/\/cidadecult.com.br\/index.php?rest_route=%2Fwp%2Fv2%2Fmedia&parent=11384"}],"wp:term":[{"taxonomy":"category","embeddable":true,"href":"https:\/\/cidadecult.com.br\/index.php?rest_route=%2Fwp%2Fv2%2Fcategories&post=11384"},{"taxonomy":"post_tag","embeddable":true,"href":"https:\/\/cidadecult.com.br\/index.php?rest_route=%2Fwp%2Fv2%2Ftags&post=11384"}],"curies":[{"name":"wp","href":"https:\/\/api.w.org\/{rel}","templated":true}]}}