{"id":11381,"date":"2025-02-24T13:08:51","date_gmt":"2025-02-24T16:08:51","guid":{"rendered":"https:\/\/cidadecult.com.br\/?p=11381"},"modified":"2025-02-24T13:08:53","modified_gmt":"2025-02-24T16:08:53","slug":"salgueiro-resgata-suas-raizes-afro-brasileiras-no-carnaval-2025","status":"publish","type":"post","link":"https:\/\/cidadecult.com.br\/?p=11381","title":{"rendered":"Salgueiro resgata suas ra\u00edzes afro-brasileiras no Carnaval 2025"},"content":{"rendered":"\n<p><em>Foto: Roberto Narciso<\/em><\/p>\n\n\n\n<p>A tradicional <strong>escola de samba Salgueiro<\/strong>, uma das mais emblem\u00e1ticas do<strong> Rio de Janeiro<\/strong>, promete um <strong>desfile inesquec\u00edvel para o Carnaval 2025<\/strong>. Com o enredo <strong>&#8220;Salgueiro de corpo fechado&#8221;<\/strong>, a vermelho e branco da Tijuca traz <strong>um espet\u00e1culo que celebra suas origens afro-brasileiras, com um mergulho profundo nas culturas religiosas e rituais de prote\u00e7\u00e3o do Brasil.<\/strong><\/p>\n\n\n\n<p><strong>Resgate de uma hist\u00f3ria Afro-brasileira<\/strong><\/p>\n\n\n\n<p>O carnavalesco<strong> Jorge Silveira<\/strong>, respons\u00e1vel pelo enredo, explica que o desfile \u00e9 um retorno \u00e0 identidade afro do Salgueiro. <strong>&#8220;Vamos fechar o nosso corpo para atravessar a maior encruzilhada do sambista&#8221;, diz ele. <\/strong>O enredo faz refer\u00eancia \u00e0 jornada de prote\u00e7\u00e3o espiritual e material, apresentando rituais de fechamento de corpo nas diversas culturas religiosas brasileiras.<\/p>\n\n\n\n<p>Com um forte apelo \u00e0 mem\u00f3ria afetiva da escola, o desfile ir\u00e1 explorar temas como as ra\u00edzes africanas, os povos mandingas de Mali, a chegada dos escravizados mu\u00e7ulmanos \u00e0 Bahia e a cultura do canga\u00e7o. A hist\u00f3ria tamb\u00e9m abordar\u00e1 elementos ind\u00edgenas e culminar\u00e1 com a tradi\u00e7\u00e3o dos candombl\u00e9s e umbanda no Rio de Janeiro.<\/p>\n\n\n\n<p><strong>O legado da cultura afro no salgueiro<\/strong><\/p>\n\n\n\n<p>A hist\u00f3ria do Salgueiro com os enredos de tem\u00e1tica africana remonta \u00e0 d\u00e9cada de 1960, com carnavalescos como Fernando Pamplona e Arlindo Rodrigues, que foram pioneiros ao trazer \u00e0 avenida as ra\u00edzes da cultura negra. Leo Antan, pesquisador da escola, destaca a import\u00e2ncia deste legado e a conex\u00e3o com as novas gera\u00e7\u00f5es de salgueirenses que se identificam com esses temas.<\/p>\n\n\n\n<p>A escola tamb\u00e9m traz inova\u00e7\u00e3o em suas alegorias, com uma equipe especializada de Parintins que, utilizando tecnologia e ilumina\u00e7\u00e3o de ponta, promete impressionar o p\u00fablico. O desfile, que conta com a participa\u00e7\u00e3o da comunidade e uma empolga\u00e7\u00e3o contagiante, est\u00e1 destinado a reafirmar a identidade do Salgueiro.<\/p>\n\n\n\n<p><strong>Expectativas para o desfile<\/strong><\/p>\n\n\n\n<p>O enredo, que passeia por diversas culturas brasileiras, promete um espet\u00e1culo visual e musical de grande impacto. A escola est\u00e1 preparada para surpreender com alegorias que misturam tradi\u00e7\u00e3o e inova\u00e7\u00e3o, mantendo a ess\u00eancia de sua identidade e a for\u00e7a de sua hist\u00f3ria.<\/p>\n\n\n\n<p>Com um samba forte, que j\u00e1 conquistou os cora\u00e7\u00f5es dos salgueirenses, e fantasias criadas com carinho pelas m\u00e3os de costureiras como Luciene Ferreira Moreira, o Salgueiro est\u00e1 pronto para brindar o p\u00fablico com um desfile grandioso, que al\u00e9m de resgatar suas ra\u00edzes, vai emocionar e marcar o Carnaval de 2025.<\/p>\n\n\n\n<p>Prepare-se para vivenciar essa jornada de f\u00e9, resist\u00eancia e cultura na Marqu\u00eas de Sapuca\u00ed!. <\/p>\n","protected":false},"excerpt":{"rendered":"<p>Foto: Roberto Narciso A tradicional escola de samba Salgueiro, uma das mais emblem\u00e1ticas do Rio de Janeiro, promete um desfile inesquec\u00edvel para o Carnaval 2025. Com o enredo &#8220;Salgueiro de corpo fechado&#8221;, a vermelho e branco da Tijuca traz um espet\u00e1culo que celebra suas origens afro-brasileiras, com um mergulho profundo nas culturas religiosas e rituais [&hellip;]<\/p>\n","protected":false},"author":1441,"featured_media":11382,"comment_status":"open","ping_status":"open","sticky":false,"template":"","format":"standard","meta":{"_monsterinsights_skip_tracking":false,"_monsterinsights_sitenote_active":false,"_monsterinsights_sitenote_note":"","_monsterinsights_sitenote_category":0,"footnotes":""},"categories":[54],"tags":[4464,4280,403],"class_list":["post-11381","post","type-post","status-publish","format-standard","has-post-thumbnail","hentry","category-brasil","tag-afrobrasileiro","tag-carnaval25","tag-cidadecult-2"],"_links":{"self":[{"href":"https:\/\/cidadecult.com.br\/index.php?rest_route=\/wp\/v2\/posts\/11381","targetHints":{"allow":["GET"]}}],"collection":[{"href":"https:\/\/cidadecult.com.br\/index.php?rest_route=\/wp\/v2\/posts"}],"about":[{"href":"https:\/\/cidadecult.com.br\/index.php?rest_route=\/wp\/v2\/types\/post"}],"author":[{"embeddable":true,"href":"https:\/\/cidadecult.com.br\/index.php?rest_route=\/wp\/v2\/users\/1441"}],"replies":[{"embeddable":true,"href":"https:\/\/cidadecult.com.br\/index.php?rest_route=%2Fwp%2Fv2%2Fcomments&post=11381"}],"version-history":[{"count":1,"href":"https:\/\/cidadecult.com.br\/index.php?rest_route=\/wp\/v2\/posts\/11381\/revisions"}],"predecessor-version":[{"id":11383,"href":"https:\/\/cidadecult.com.br\/index.php?rest_route=\/wp\/v2\/posts\/11381\/revisions\/11383"}],"wp:featuredmedia":[{"embeddable":true,"href":"https:\/\/cidadecult.com.br\/index.php?rest_route=\/wp\/v2\/media\/11382"}],"wp:attachment":[{"href":"https:\/\/cidadecult.com.br\/index.php?rest_route=%2Fwp%2Fv2%2Fmedia&parent=11381"}],"wp:term":[{"taxonomy":"category","embeddable":true,"href":"https:\/\/cidadecult.com.br\/index.php?rest_route=%2Fwp%2Fv2%2Fcategories&post=11381"},{"taxonomy":"post_tag","embeddable":true,"href":"https:\/\/cidadecult.com.br\/index.php?rest_route=%2Fwp%2Fv2%2Ftags&post=11381"}],"curies":[{"name":"wp","href":"https:\/\/api.w.org\/{rel}","templated":true}]}}