{"id":11340,"date":"2025-02-21T11:43:22","date_gmt":"2025-02-21T14:43:22","guid":{"rendered":"https:\/\/cidadecult.com.br\/?p=11340"},"modified":"2025-02-21T11:43:24","modified_gmt":"2025-02-21T14:43:24","slug":"evento-gratuito-sobre-longevidade-saudavel-em-copacabana-amanha","status":"publish","type":"post","link":"https:\/\/cidadecult.com.br\/?p=11340","title":{"rendered":"Evento gratuito sobre longevidade saud\u00e1vel em Copacabana amanh\u00e3!"},"content":{"rendered":"\n<p><em>Foto\/divulga\u00e7\u00e3o<\/em><\/p>\n\n\n\n<p><strong>Amanh\u00e3 (22), das 8h \u00e0s 12h, o quiosque Mar de Copa, em Copacabana, recebe o evento gratuito &#8220;Sa\u00fade sem Idade: inspira\u00e7\u00e3o para uma vida longa e plena&#8221;. <\/strong>A iniciativa \u00e9 voltada para pessoas com 50 anos ou mais e traz uma programa\u00e7\u00e3o cheia de atividades que promovem sa\u00fade, bem-estar e qualidade de vida.<\/p>\n\n\n\n<p>A programa\u00e7\u00e3o inclui rodas de conversa com especialistas, servi\u00e7os de sa\u00fade, terapias integrativas e sorteios de brindes. Para fechar o evento com muita energia, marchinhas de Carnaval animam os participantes. Al\u00e9m disso, os organizadores pedem que os presentes tragam acess\u00f3rios ou fantasias e cangas ou toalhas para as atividades coletivas.<\/p>\n\n\n\n<p>Com o clima de calor no Rio de Janeiro, \u00e9 essencial lembrar de levar protetor solar e garantir a hidrata\u00e7\u00e3o. Haver\u00e1 distribui\u00e7\u00e3o gratuita de \u00e1gua durante o evento, e o quiosque Mar de Copa oferecer\u00e1 op\u00e7\u00f5es de bebidas e alimentos leves para quem desejar.<\/p>\n\n\n\n<p><strong>Programa\u00e7\u00e3o do evento:<\/strong><\/p>\n\n\n\n<ul class=\"wp-block-list\">\n<li><strong>Data<\/strong>: S\u00e1bado (22 de fevereiro)<\/li>\n\n\n\n<li><strong>Hor\u00e1rio<\/strong>: 8h \u00e0s 12h<\/li>\n\n\n\n<li><strong>Local<\/strong>: Quiosque Mar de Copa (Av. Atl\u00e2ntica, s\/n, em frente \u00e0 Rua Figueiredo Magalh\u00e3es)<\/li>\n\n\n\n<li><strong>Atividades<\/strong>: Rodas de conversa, terapias integrativas, servi\u00e7os de sa\u00fade, sorteios de brindes e marchinhas de Carnaval.<\/li>\n<\/ul>\n\n\n\n<p><strong>Inscri\u00e7\u00f5es<\/strong>: As inscri\u00e7\u00f5es podem ser feitas at\u00e9 sexta-feira (21) por meio da plataforma Sympla. <a href=\"https:\/\/www.sympla.com.br\/evento\/saude-sem-idade-inspiracao-para-uma-vida-longa-e-saudavel\/2824600\">Clique aqui para se inscrever<\/a>.<\/p>\n\n\n\n<p>O evento \u00e9 uma realiza\u00e7\u00e3o das jornalistas<strong> Rosayne Macedo (Vida e a\u00e7\u00e3o) <\/strong>e <strong>M\u00f4nica Ulisses (Comida na mesa)<\/strong>, com o apoio do <strong>Movimento Longevidade Brasil, Rio 50+<\/strong>,<strong> Reavivar Copacabana<\/strong>, <strong>Sociedade Brasileira de Geriatria <\/strong>e<strong> Gerontologia (SBGG-Rio)<\/strong> e<strong> Universidade Est\u00e1cio,<\/strong> al\u00e9m da parceria com empresas como<strong> Korin Alimentos <\/strong>e <strong>Biomundo Copacabana.<\/strong><\/p>\n\n\n\n<p><strong>Aproveite para aprender mais sobre longevidade saud\u00e1vel e fazer novas conex\u00f5es em um ambiente descontra\u00eddo!. <\/strong><\/p>\n","protected":false},"excerpt":{"rendered":"<p>Foto\/divulga\u00e7\u00e3o Amanh\u00e3 (22), das 8h \u00e0s 12h, o quiosque Mar de Copa, em Copacabana, recebe o evento gratuito &#8220;Sa\u00fade sem Idade: inspira\u00e7\u00e3o para uma vida longa e plena&#8221;. A iniciativa \u00e9 voltada para pessoas com 50 anos ou mais e traz uma programa\u00e7\u00e3o cheia de atividades que promovem sa\u00fade, bem-estar e qualidade de vida. A [&hellip;]<\/p>\n","protected":false},"author":1441,"featured_media":11341,"comment_status":"open","ping_status":"open","sticky":false,"template":"","format":"standard","meta":{"_monsterinsights_skip_tracking":false,"_monsterinsights_sitenote_active":false,"_monsterinsights_sitenote_note":"","_monsterinsights_sitenote_category":0,"footnotes":""},"categories":[1],"tags":[4448,2713],"class_list":["post-11340","post","type-post","status-publish","format-standard","has-post-thumbnail","hentry","category-sem-categoria","tag-cidadcult","tag-eventogratuito"],"_links":{"self":[{"href":"https:\/\/cidadecult.com.br\/index.php?rest_route=\/wp\/v2\/posts\/11340","targetHints":{"allow":["GET"]}}],"collection":[{"href":"https:\/\/cidadecult.com.br\/index.php?rest_route=\/wp\/v2\/posts"}],"about":[{"href":"https:\/\/cidadecult.com.br\/index.php?rest_route=\/wp\/v2\/types\/post"}],"author":[{"embeddable":true,"href":"https:\/\/cidadecult.com.br\/index.php?rest_route=\/wp\/v2\/users\/1441"}],"replies":[{"embeddable":true,"href":"https:\/\/cidadecult.com.br\/index.php?rest_route=%2Fwp%2Fv2%2Fcomments&post=11340"}],"version-history":[{"count":1,"href":"https:\/\/cidadecult.com.br\/index.php?rest_route=\/wp\/v2\/posts\/11340\/revisions"}],"predecessor-version":[{"id":11342,"href":"https:\/\/cidadecult.com.br\/index.php?rest_route=\/wp\/v2\/posts\/11340\/revisions\/11342"}],"wp:featuredmedia":[{"embeddable":true,"href":"https:\/\/cidadecult.com.br\/index.php?rest_route=\/wp\/v2\/media\/11341"}],"wp:attachment":[{"href":"https:\/\/cidadecult.com.br\/index.php?rest_route=%2Fwp%2Fv2%2Fmedia&parent=11340"}],"wp:term":[{"taxonomy":"category","embeddable":true,"href":"https:\/\/cidadecult.com.br\/index.php?rest_route=%2Fwp%2Fv2%2Fcategories&post=11340"},{"taxonomy":"post_tag","embeddable":true,"href":"https:\/\/cidadecult.com.br\/index.php?rest_route=%2Fwp%2Fv2%2Ftags&post=11340"}],"curies":[{"name":"wp","href":"https:\/\/api.w.org\/{rel}","templated":true}]}}