{"id":11337,"date":"2025-02-21T11:31:29","date_gmt":"2025-02-21T14:31:29","guid":{"rendered":"https:\/\/cidadecult.com.br\/?p=11337"},"modified":"2025-02-21T11:31:32","modified_gmt":"2025-02-21T14:31:32","slug":"bloco-dos-raparigueiros-agita-o-carnaval-de-brasilia-com-os-40-anos-do-axe-music","status":"publish","type":"post","link":"https:\/\/cidadecult.com.br\/?p=11337","title":{"rendered":"Bloco dos Raparigueiros agita o carnaval de Bras\u00edlia com os 40 anos do Ax\u00e9 Music!"},"content":{"rendered":"\n<p><em>Foto\/divulga\u00e7\u00e3o<\/em><\/p>\n\n\n\n<p>O <strong>Bloco dos Raparigueiros<\/strong> retorna \u00e0s ruas de Bras\u00edlia para uma edi\u00e7\u00e3o memor\u00e1vel no Carnaval de 2025, celebrando 40 anos do Ax\u00e9 Music, o ritmo que conquistou o Brasil. No dia <strong>2 de mar\u00e7o<\/strong>, a <strong>Esplanada dos Minist\u00e9rios<\/strong> ser\u00e1 palco de um desfile vibrante, com o melhor da m\u00fasica e da dan\u00e7a que marcaram o g\u00eanero. No dia <strong>4 de mar\u00e7o<\/strong>, a festa continua com a apresenta\u00e7\u00e3o da <strong>Batucada dos Raparigueiros<\/strong>, a partir das 17h.<\/p>\n\n\n\n<p>Com 33 anos de hist\u00f3ria, o <strong>Bloco dos Raparigueiros<\/strong> \u00e9 considerado o maior bloco carnavalesco do Centro-Oeste e um dos maiores representantes do Ax\u00e9 Music fora da Bahia. Este ano, a celebra\u00e7\u00e3o promete reunir milhares de foli\u00f5es ao som da <strong>Batucada dos Raparigueiros<\/strong>, <strong>Banda Imagem<\/strong> e DJs convidados. A festa ser\u00e1 marcada por dois trios el\u00e9tricos de grande porte, garantindo o conforto e a seguran\u00e7a do p\u00fablico, com todas as diretrizes estabelecidas pela <strong>Secretaria de Seguran\u00e7a P\u00fablica<\/strong>.<\/p>\n\n\n\n<p><strong>Jean Costa<\/strong>, vice-presidente da <strong>Liga dos Blocos Tradicionais de Bras\u00edlia<\/strong>, destaca a import\u00e2ncia do evento: \u201cEstamos preparando uma festa grandiosa, segura e inclusiva, que une a alegria do Carnaval com a tradi\u00e7\u00e3o cultural do Ax\u00e9 Music, que completa quatro d\u00e9cadas de hist\u00f3ria.\u201d<\/p>\n\n\n\n<h3 class=\"wp-block-heading\"><strong>Servi\u00e7o:<\/strong><\/h3>\n\n\n\n<p>\ud83d\udcc5 <strong>Data<\/strong>:<\/p>\n\n\n\n<ul class=\"wp-block-list\">\n<li><strong>2 de mar\u00e7o de 2025<\/strong> \u2013 16h \u00e0s 23h<\/li>\n\n\n\n<li><strong>4 de mar\u00e7o de 2025<\/strong> \u2013 Batucada dos Raparigueiros, a partir das 17h<\/li>\n<\/ul>\n\n\n\n<p>\ud83d\udccd <strong>Local<\/strong>: Esplanada dos Minist\u00e9rios, Bras\u00edlia<\/p>\n\n\n\n<p>\ud83c\udf9f <strong>Entrada<\/strong>: Gratuita<\/p>\n\n\n\n<p>\ud83d\udd17 <a href=\"https:\/\/ligadosblocos.com.br\/blocos\/raparigueiros\/\">Mais informa\u00e7\u00f5es<\/a><br>\ud83d\udcf8 <a href=\"https:\/\/www.instagram.com\/blocodosraparigueiros\/\">Instagram do Bloco dos Raparigueiros<\/a><\/p>\n","protected":false},"excerpt":{"rendered":"<p>Foto\/divulga\u00e7\u00e3o O Bloco dos Raparigueiros retorna \u00e0s ruas de Bras\u00edlia para uma edi\u00e7\u00e3o memor\u00e1vel no Carnaval de 2025, celebrando 40 anos do Ax\u00e9 Music, o ritmo que conquistou o Brasil. No dia 2 de mar\u00e7o, a Esplanada dos Minist\u00e9rios ser\u00e1 palco de um desfile vibrante, com o melhor da m\u00fasica e da dan\u00e7a que marcaram [&hellip;]<\/p>\n","protected":false},"author":1441,"featured_media":11338,"comment_status":"open","ping_status":"open","sticky":false,"template":"","format":"standard","meta":{"_monsterinsights_skip_tracking":false,"_monsterinsights_sitenote_active":false,"_monsterinsights_sitenote_note":"","_monsterinsights_sitenote_category":0,"footnotes":""},"categories":[41,17,34,6],"tags":[3966,4446,403,3528],"class_list":["post-11337","post","type-post","status-publish","format-standard","has-post-thumbnail","hentry","category-agenda","category-bsb","category-destaque","category-music","tag-axemusic","tag-blocodosraparigueiros","tag-cidadecult-2","tag-cidadecultpordentrop"],"_links":{"self":[{"href":"https:\/\/cidadecult.com.br\/index.php?rest_route=\/wp\/v2\/posts\/11337","targetHints":{"allow":["GET"]}}],"collection":[{"href":"https:\/\/cidadecult.com.br\/index.php?rest_route=\/wp\/v2\/posts"}],"about":[{"href":"https:\/\/cidadecult.com.br\/index.php?rest_route=\/wp\/v2\/types\/post"}],"author":[{"embeddable":true,"href":"https:\/\/cidadecult.com.br\/index.php?rest_route=\/wp\/v2\/users\/1441"}],"replies":[{"embeddable":true,"href":"https:\/\/cidadecult.com.br\/index.php?rest_route=%2Fwp%2Fv2%2Fcomments&post=11337"}],"version-history":[{"count":1,"href":"https:\/\/cidadecult.com.br\/index.php?rest_route=\/wp\/v2\/posts\/11337\/revisions"}],"predecessor-version":[{"id":11339,"href":"https:\/\/cidadecult.com.br\/index.php?rest_route=\/wp\/v2\/posts\/11337\/revisions\/11339"}],"wp:featuredmedia":[{"embeddable":true,"href":"https:\/\/cidadecult.com.br\/index.php?rest_route=\/wp\/v2\/media\/11338"}],"wp:attachment":[{"href":"https:\/\/cidadecult.com.br\/index.php?rest_route=%2Fwp%2Fv2%2Fmedia&parent=11337"}],"wp:term":[{"taxonomy":"category","embeddable":true,"href":"https:\/\/cidadecult.com.br\/index.php?rest_route=%2Fwp%2Fv2%2Fcategories&post=11337"},{"taxonomy":"post_tag","embeddable":true,"href":"https:\/\/cidadecult.com.br\/index.php?rest_route=%2Fwp%2Fv2%2Ftags&post=11337"}],"curies":[{"name":"wp","href":"https:\/\/api.w.org\/{rel}","templated":true}]}}