{"id":11323,"date":"2025-02-20T10:51:23","date_gmt":"2025-02-20T13:51:23","guid":{"rendered":"https:\/\/cidadecult.com.br\/?p=11323"},"modified":"2025-02-20T10:53:38","modified_gmt":"2025-02-20T13:53:38","slug":"viagem-a-itaca-ariadna-moreira-lanca-espetaculo-e-album-autobiografico","status":"publish","type":"post","link":"https:\/\/cidadecult.com.br\/?p=11323","title":{"rendered":"&#8220;Viagem a \u00cdtaca&#8221;: Ariadna Moreira lan\u00e7a espet\u00e1culo e \u00e1lbum autobiogr\u00e1fico!"},"content":{"rendered":"\n<p><em>Foto\/divulga\u00e7\u00e3o<\/em><\/p>\n\n\n\n<p><strong>A cantora l\u00edrica brasiliense Ariadna Moreira apresenta &#8220;Viagem a \u00cdtaca&#8221;, espet\u00e1culo in\u00e9dito que ter\u00e1 sess\u00e3o \u00fanica no dia 7 de mar\u00e7o, \u00e0s 20h, na Casa Thomas Jefferson (706\/906 Sul). A apresenta\u00e7\u00e3o gratuita, realizada com recursos da Lei Paulo Gustavo, celebra a trajet\u00f3ria da artista e homenageia as mulheres na v\u00e9spera do Dia Internacional da Mulher.<\/strong><\/p>\n\n\n\n<p><strong>O espet\u00e1culo narra a jornada musical de Ariadna, desde seus primeiros improvisos na inf\u00e2ncia at\u00e9 a consagra\u00e7\u00e3o internacional. Al\u00e9m de destacar o repert\u00f3rio l\u00edrico e popular, a performance resgata a mem\u00f3ria de compositoras esquecidas pela hist\u00f3ria. Com acessibilidade garantida, contar\u00e1 com tradu\u00e7\u00e3o em libras e programa em braile.<\/strong><\/p>\n\n\n\n<p>Com uma carreira de <strong>21 anos no exterior, Ariadna Moreira recebeu pr\u00eamios como o <em>&#8220;Leopoldskron vocal competition salzburg&#8221; <\/em>e o <em>&#8220;Jessy walters vocal competition&#8221;.<\/em><\/strong> Al\u00e9m disso, foi contemplada com a bolsa <strong>&#8220;Virtuose&#8221;<\/strong> do <strong>Minist\u00e9rio da Cultura <\/strong>para <strong>aperfei\u00e7oamento em canto barroco na It\u00e1lia<\/strong>. Em <strong>2024<\/strong>, dividiu o palco com<strong> Thiago Arancam, um dos maiores nomes da m\u00fasica l\u00edrica nacional.<\/strong><\/p>\n\n\n\n<p><strong>Al\u00e9m do espet\u00e1culo, Ariadna lan\u00e7a o \u00e1lbum &#8220;Viagem a \u00cdtaca&#8221;, com 14 faixas in\u00e9ditas que estar\u00e3o dispon\u00edveis nas plataformas de streaming.<\/strong> O repert\u00f3rio traz <strong>arranjos in\u00e9ditos <\/strong>do <strong>pianista Tibor Fittel <\/strong>para <strong>pe\u00e7as<\/strong> como<strong> &#8220;Corta jaca&#8221;, &#8220;Melodia sentimental&#8221;,<\/strong> <strong>&#8220;C\u00f4co do calango&#8221; <\/strong>e<strong> &#8220;Chanson perpetuelle&#8221;<\/strong>. A apresenta\u00e7\u00e3o contar\u00e1 com m\u00fasicos renomados<strong>: Tibor Fittel (piano), Renata Menezes (clarinete) e o Quarteto Capital, formado por Igor Macarini (violino), Lilian Raiol (violino), Augusto Guerra (violoncelo) e Luiz Paulo (viola)<\/strong>. A <strong>concep\u00e7\u00e3o visual<\/strong> \u00e9 assinada pelo <strong>multiartista Roger Mello e a produ\u00e7\u00e3o \u00e9 de Larissa Lopes.<\/strong><\/p>\n\n\n\n<p><strong>Antes do espet\u00e1culo, \u00e0s 18h30, o p\u00fablico poder\u00e1 conferir a abertura da exposi\u00e7\u00e3o &#8220;Amazonas&#8221;, da fot\u00f3grafa Luciana Macedo, na Galeria de Arte da Casa Thomas Jefferson.<\/strong><\/p>\n\n\n\n<h3 class=\"wp-block-heading\">Servi\u00e7o:<\/h3>\n\n\n\n<p><strong>Espet\u00e1culo e lan\u00e7amento do \u00e1lbum &#8220;Viagem a \u00cdtaca&#8221; \u2013 Ariadna Moreira<\/strong><\/p>\n\n\n\n<ul class=\"wp-block-list\">\n<li><strong>Data:<\/strong> 7 de mar\u00e7o de 2024<\/li>\n\n\n\n<li><strong>Local:<\/strong> Casa Thomas Jefferson (706\/906 Sul)<\/li>\n\n\n\n<li><strong>Abertura da casa:<\/strong> 19h<\/li>\n\n\n\n<li><strong>Hor\u00e1rio do concerto:<\/strong> 20h<\/li>\n\n\n\n<li><strong>Entrada gratuita<\/strong><\/li>\n\n\n\n<li><strong>Classifica\u00e7\u00e3o indicativa:<\/strong> Livre<\/li>\n\n\n\n<li><strong>Mais informa\u00e7\u00f5es:<\/strong> @ariadnasoprano<\/li>\n<\/ul>\n","protected":false},"excerpt":{"rendered":"<p>Foto\/divulga\u00e7\u00e3o A cantora l\u00edrica brasiliense Ariadna Moreira apresenta &#8220;Viagem a \u00cdtaca&#8221;, espet\u00e1culo in\u00e9dito que ter\u00e1 sess\u00e3o \u00fanica no dia 7 de mar\u00e7o, \u00e0s 20h, na Casa Thomas Jefferson (706\/906 Sul). A apresenta\u00e7\u00e3o gratuita, realizada com recursos da Lei Paulo Gustavo, celebra a trajet\u00f3ria da artista e homenageia as mulheres na v\u00e9spera do Dia Internacional da [&hellip;]<\/p>\n","protected":false},"author":1441,"featured_media":11324,"comment_status":"open","ping_status":"open","sticky":false,"template":"","format":"standard","meta":{"_monsterinsights_skip_tracking":false,"_monsterinsights_sitenote_active":false,"_monsterinsights_sitenote_note":"","_monsterinsights_sitenote_category":0,"footnotes":""},"categories":[41,2569,17,34,12],"tags":[419,403,423,487,4424],"class_list":["post-11323","post","type-post","status-publish","format-standard","has-post-thumbnail","hentry","category-agenda","category-arte","category-bsb","category-destaque","category-travel","tag-brasiliadf-2","tag-cidadecult-2","tag-cidadecultpordentro-2","tag-destaque","tag-viagemaitaca"],"_links":{"self":[{"href":"https:\/\/cidadecult.com.br\/index.php?rest_route=\/wp\/v2\/posts\/11323","targetHints":{"allow":["GET"]}}],"collection":[{"href":"https:\/\/cidadecult.com.br\/index.php?rest_route=\/wp\/v2\/posts"}],"about":[{"href":"https:\/\/cidadecult.com.br\/index.php?rest_route=\/wp\/v2\/types\/post"}],"author":[{"embeddable":true,"href":"https:\/\/cidadecult.com.br\/index.php?rest_route=\/wp\/v2\/users\/1441"}],"replies":[{"embeddable":true,"href":"https:\/\/cidadecult.com.br\/index.php?rest_route=%2Fwp%2Fv2%2Fcomments&post=11323"}],"version-history":[{"count":1,"href":"https:\/\/cidadecult.com.br\/index.php?rest_route=\/wp\/v2\/posts\/11323\/revisions"}],"predecessor-version":[{"id":11325,"href":"https:\/\/cidadecult.com.br\/index.php?rest_route=\/wp\/v2\/posts\/11323\/revisions\/11325"}],"wp:featuredmedia":[{"embeddable":true,"href":"https:\/\/cidadecult.com.br\/index.php?rest_route=\/wp\/v2\/media\/11324"}],"wp:attachment":[{"href":"https:\/\/cidadecult.com.br\/index.php?rest_route=%2Fwp%2Fv2%2Fmedia&parent=11323"}],"wp:term":[{"taxonomy":"category","embeddable":true,"href":"https:\/\/cidadecult.com.br\/index.php?rest_route=%2Fwp%2Fv2%2Fcategories&post=11323"},{"taxonomy":"post_tag","embeddable":true,"href":"https:\/\/cidadecult.com.br\/index.php?rest_route=%2Fwp%2Fv2%2Ftags&post=11323"}],"curies":[{"name":"wp","href":"https:\/\/api.w.org\/{rel}","templated":true}]}}